{"id":32421,"date":"2026-08-31T11:36:30","date_gmt":"2026-08-31T14:36:30","guid":{"rendered":"https:\/\/acontecenafronteira.com.br\/?p=32421"},"modified":"2026-08-31T11:36:30","modified_gmt":"2026-08-31T14:36:30","slug":"festival-iguassu-inova-2026-abre-inscricoes-para-comunidade","status":"publish","type":"post","link":"https:\/\/acontecenafronteira.com.br\/index.php\/2026\/08\/31\/festival-iguassu-inova-2026-abre-inscricoes-para-comunidade\/","title":{"rendered":"Festival Iguassu Inova 2026 abre inscri\u00e7\u00f5es para comunidade"},"content":{"rendered":"<p>Comunidades locais e profissionais j\u00e1 podem garantir participa\u00e7\u00e3o na programa\u00e7\u00e3o oficial do <b>Festival Iguassu Inova 2026<\/b>. Por interm\u00e9dio da iniciativa chamada <i>O Festival \u00e9 Seu<\/i>, cidad\u00e3os e empreendedores ganham espa\u00e7o para enviar propostas de palestras, ministrar oficinas pr\u00e1ticas e apresentar startups diretamente ao p\u00fablico.<\/p>\n<p>H2 Oportunidade para criadores e empreendedores<\/p>\n<p>H3 Como submeter sua proposta para o evento<\/p>\n<p>As atividades selecionadas v\u00e3o compor a agenda oficial do grande encontro tecnol\u00f3gico e de inova\u00e7\u00e3o, que est\u00e1 com data marcada para acontecer entre os dias 25 e 28 de novembro. Toda a programa\u00e7\u00e3o ser\u00e1 sediada na infraestrutura do <b>Itaipu Parquetec<\/b>.<\/p>\n<p>H2 Inova\u00e7\u00e3o aberta no Itaipu Parquetec<\/p>\n<p>H3 Datas e local da edi\u00e7\u00e3o de 2026<\/p>\n<p>A proposta da organiza\u00e7\u00e3o com essa chamada p\u00fablica \u00e9 descentralizar a curadoria, permitindo que a pr\u00f3pria sociedade colabore ativamente com o conte\u00fado que ser\u00e1 debatido e vivenciado durante os quatro dias de imers\u00e3o tecnol\u00f3gica no Paran\u00e1.<\/p>\n<p>O evento consolidou-se como um dos principais pontos de encontro para debater tend\u00eancias, neg\u00f3cios digitais e solu\u00e7\u00f5es sustent\u00e1veis na regi\u00e3o de fronteira, atraindo especialistas, estudantes e entusiastas de diversas \u00e1reas do conhecimento.<\/p>\n<p>Por Reda\u00e7\u00e3o Acontece<\/p>\n<p>Cr\u00e9ditos da imagem: Divulga\u00e7\u00e3o \/ Festival Iguassu Inova<\/p>\n","protected":false},"excerpt":{"rendered":"<p>Comunidades locais e profissionais j\u00e1 podem garantir participa\u00e7\u00e3o na programa\u00e7\u00e3o oficial do Festival Iguassu Inova 2026. Por interm\u00e9dio da iniciativa chamada O Festival \u00e9 Seu, cidad\u00e3os e empreendedores ganham espa\u00e7o para enviar propostas de palestras, ministrar oficinas pr\u00e1ticas e apresentar startups diretamente ao p\u00fablico. H2 Oportunidade para criadores e empreendedores H3 Como submeter sua proposta [&hellip;]<\/p>\n","protected":false},"author":0,"featured_media":32423,"comment_status":"open","ping_status":"open","sticky":false,"template":"","format":"standard","meta":{"footnotes":""},"categories":[4],"tags":[],"class_list":["post-32421","post","type-post","status-publish","format-standard","has-post-thumbnail","hentry","category-cidade"],"_links":{"self":[{"href":"https:\/\/acontecenafronteira.com.br\/index.php\/wp-json\/wp\/v2\/posts\/32421","targetHints":{"allow":["GET"]}}],"collection":[{"href":"https:\/\/acontecenafronteira.com.br\/index.php\/wp-json\/wp\/v2\/posts"}],"about":[{"href":"https:\/\/acontecenafronteira.com.br\/index.php\/wp-json\/wp\/v2\/types\/post"}],"replies":[{"embeddable":true,"href":"https:\/\/acontecenafronteira.com.br\/index.php\/wp-json\/wp\/v2\/comments?post=32421"}],"version-history":[{"count":1,"href":"https:\/\/acontecenafronteira.com.br\/index.php\/wp-json\/wp\/v2\/posts\/32421\/revisions"}],"predecessor-version":[{"id":32422,"href":"https:\/\/acontecenafronteira.com.br\/index.php\/wp-json\/wp\/v2\/posts\/32421\/revisions\/32422"}],"wp:featuredmedia":[{"embeddable":true,"href":"https:\/\/acontecenafronteira.com.br\/index.php\/wp-json\/wp\/v2\/media\/32423"}],"wp:attachment":[{"href":"https:\/\/acontecenafronteira.com.br\/index.php\/wp-json\/wp\/v2\/media?parent=32421"}],"wp:term":[{"taxonomy":"category","embeddable":true,"href":"https:\/\/acontecenafronteira.com.br\/index.php\/wp-json\/wp\/v2\/categories?post=32421"},{"taxonomy":"post_tag","embeddable":true,"href":"https:\/\/acontecenafronteira.com.br\/index.php\/wp-json\/wp\/v2\/tags?post=32421"}],"curies":[{"name":"wp","href":"https:\/\/api.w.org\/{rel}","templated":true}]}}