{"id":32408,"date":"2026-08-31T10:37:26","date_gmt":"2026-08-31T13:37:26","guid":{"rendered":"https:\/\/acontecenafronteira.com.br\/?p=32408"},"modified":"2026-08-31T10:37:26","modified_gmt":"2026-08-31T13:37:26","slug":"advogado-que-atirou-em-vizinho-por-som-alto-e-servidor-em-goias","status":"publish","type":"post","link":"https:\/\/acontecenafronteira.com.br\/index.php\/2026\/08\/31\/advogado-que-atirou-em-vizinho-por-som-alto-e-servidor-em-goias\/","title":{"rendered":"Advogado que atirou em vizinho por som alto \u00e9 servidor em Goi\u00e1s"},"content":{"rendered":"<p>Um advogado detido por efetuar disparos de arma de fogo contra um morador que reclamou de barulho excessivo em Taguatinga, no Distrito Federal, atua no setor administrativo da Pol\u00edcia Cient\u00edfica de Goi\u00e1s. A ocorr\u00eancia se deu na \u00faltima quinta-feira (27\/8), mobilizando equipes de seguran\u00e7a p\u00fablica.<\/p>\n<h2>Investiga\u00e7\u00e3o administrativa e \u00f3rg\u00e3os de classe<\/h2>\n<p>\nDiante da gravidade da situa\u00e7\u00e3o, a Pol\u00edcia Cient\u00edfica goiana emitiu comunicado oficial informando que a Corregedoria do \u00f3rg\u00e3o iniciar\u00e1 uma investiga\u00e7\u00e3o rigorosa para avaliar a postura do funcion\u00e1rio, aplicando as san\u00e7\u00f5es disciplinares pertinentes. A OAB tamb\u00e9m foi comunicada para acompanhar os desdobramentos \u00e9ticos do caso envolvendo o profissional inscrito nos quadros da advocacia.<\/p>\n<h2>A din\u00e2mica do conflito por som alto<\/h2>\n<p>\nImagens obtidas com exclusividade detalham os momentos que antecederam o crime. A v\u00edtima caminhou at\u00e9 a resid\u00eancia onde ocorria a festa, acionou o interfone repetidas vezes e, ao ser atendida, solicitou de maneira pac\u00edfica a redu\u00e7\u00e3o do volume da m\u00fasica, alegando dificuldades para descansar devido ao hor\u00e1rio avan\u00e7ado.<\/p>\n<h3>O momento dos disparos<\/h3>\n<p>\nConforme o registro em v\u00eddeo, ap\u00f3s o apelo por sil\u00eancio, o morador continuou insistindo pelo interfone enquanto a trilha sonora permanecia ensurdecedora. Foi nesse instante que o suspeito abriu fogo contra o vizinho. O barulho dos tiros foi integralmente capturado pela grava\u00e7\u00e3o realizada pela pr\u00f3pria v\u00edtima durante a cobran\u00e7a.<\/p>\n<h2>A\u00e7\u00e3o policial e material apreendido<\/h2>\n<p>\nA Pol\u00edcia Militar do Distrito Federal, contando com o refor\u00e7o do Gtop 37 e da Rotam, efetuou a pris\u00e3o em flagrante no Setor de Mans\u00f5es de Taguatinga. Na resid\u00eancia, os agentes recolheram uma pistola Taurus calibre .380 com 12 muni\u00e7\u00f5es, al\u00e9m de dezenas de outros proj\u00e9teis intactos e deflagrados de calibres variados, como .38, .32 e .357.<\/p>\n<p>O epis\u00f3dio segue sob responsabilidade da Pol\u00edcia Civil do Distrito Federal, por meio da 21\u00aa Delegacia de Pol\u00edcia (Taguatinga Sul), que investiga o ocorrido como crime de disparo de arma de fogo.<\/p>\n<p>Por Reda\u00e7\u00e3o Acontece<\/p>\n<p>Foto: Divulga\u00e7\u00e3o\/Redes Sociais<\/p>\n","protected":false},"excerpt":{"rendered":"<p>Um advogado detido por efetuar disparos de arma de fogo contra um morador que reclamou de barulho excessivo em Taguatinga, no Distrito Federal, atua no setor administrativo da Pol\u00edcia Cient\u00edfica de Goi\u00e1s. A ocorr\u00eancia se deu na \u00faltima quinta-feira (27\/8), mobilizando equipes de seguran\u00e7a p\u00fablica. Investiga\u00e7\u00e3o administrativa e \u00f3rg\u00e3os de classe Diante da gravidade da [&hellip;]<\/p>\n","protected":false},"author":0,"featured_media":32416,"comment_status":"open","ping_status":"open","sticky":false,"template":"","format":"standard","meta":{"footnotes":""},"categories":[6],"tags":[],"class_list":["post-32408","post","type-post","status-publish","format-standard","has-post-thumbnail","hentry","category-mercosul"],"_links":{"self":[{"href":"https:\/\/acontecenafronteira.com.br\/index.php\/wp-json\/wp\/v2\/posts\/32408","targetHints":{"allow":["GET"]}}],"collection":[{"href":"https:\/\/acontecenafronteira.com.br\/index.php\/wp-json\/wp\/v2\/posts"}],"about":[{"href":"https:\/\/acontecenafronteira.com.br\/index.php\/wp-json\/wp\/v2\/types\/post"}],"replies":[{"embeddable":true,"href":"https:\/\/acontecenafronteira.com.br\/index.php\/wp-json\/wp\/v2\/comments?post=32408"}],"version-history":[{"count":1,"href":"https:\/\/acontecenafronteira.com.br\/index.php\/wp-json\/wp\/v2\/posts\/32408\/revisions"}],"predecessor-version":[{"id":32415,"href":"https:\/\/acontecenafronteira.com.br\/index.php\/wp-json\/wp\/v2\/posts\/32408\/revisions\/32415"}],"wp:featuredmedia":[{"embeddable":true,"href":"https:\/\/acontecenafronteira.com.br\/index.php\/wp-json\/wp\/v2\/media\/32416"}],"wp:attachment":[{"href":"https:\/\/acontecenafronteira.com.br\/index.php\/wp-json\/wp\/v2\/media?parent=32408"}],"wp:term":[{"taxonomy":"category","embeddable":true,"href":"https:\/\/acontecenafronteira.com.br\/index.php\/wp-json\/wp\/v2\/categories?post=32408"},{"taxonomy":"post_tag","embeddable":true,"href":"https:\/\/acontecenafronteira.com.br\/index.php\/wp-json\/wp\/v2\/tags?post=32408"}],"curies":[{"name":"wp","href":"https:\/\/api.w.org\/{rel}","templated":true}]}}