{"id":32407,"date":"2026-08-31T10:37:22","date_gmt":"2026-08-31T13:37:22","guid":{"rendered":"https:\/\/acontecenafronteira.com.br\/?p=32407"},"modified":"2026-08-31T10:37:22","modified_gmt":"2026-08-31T13:37:22","slug":"hayner-do-vila-nova-e-alvo-de-operacao-policial","status":"publish","type":"post","link":"https:\/\/acontecenafronteira.com.br\/index.php\/2026\/08\/31\/hayner-do-vila-nova-e-alvo-de-operacao-policial\/","title":{"rendered":"Hayner, do Vila Nova, \u00e9 alvo de opera\u00e7\u00e3o policial"},"content":{"rendered":"<p>O lateral-direito Hayner Monjardim, atualmente defendendo o Vila Nova na S\u00e9rie B do Campeonato Brasileiro, teve sua resid\u00eancia em Goi\u00e2nia e o Centro de Treinamento do clube alvos de mandados de busca e apreens\u00e3o. A a\u00e7\u00e3o faz parte de uma grande investiga\u00e7\u00e3o conduzida contra o tr\u00e1fico interestadual de drogas e armas.<\/p>\n<h2>Detalhes da Opera\u00e7\u00e3o A Tropa<\/h2>\n<p>Batizada de Opera\u00e7\u00e3o A Tropa, a ofensiva policial foi deflagrada para desarticular uma organiza\u00e7\u00e3o criminosa com ramifica\u00e7\u00f5es em diversos estados brasileiros, incluindo Goi\u00e1s, Rio de Janeiro, S\u00e3o Paulo, Esp\u00edrito Santo e o Distrito Federal.<\/p>\n<p>As dilig\u00eancias contam com a coordena\u00e7\u00e3o de autoridades de seguran\u00e7a p\u00fablica e visam cumprir dezenas de mandados judiciais contra suspeitos de integrar esquemas il\u00edcitos de com\u00e9rcio de armas de fogo e entorpecentes.<\/p>\n<h2>Defesa do Jogador e Posicionamento do Clube<\/h2>\n<p>Atrav\u00e9s de nota oficial, a diretoria do Vila Nova informou que os agentes estiveram no arm\u00e1rio pessoal do atleta no CT e em sua casa. Segundo o clube goiano, o lateral nega veementemente qualquer participa\u00e7\u00e3o em crimes.<\/p>\n<p>O jogador alega que seu nome foi inclu\u00eddo nas investiga\u00e7\u00f5es exclusivamente devido a uma rela\u00e7\u00e3o de amizade de longa data com o atacante David, atleta do Vasco da Gama, que tamb\u00e9m figura entre os alvos da mesma opera\u00e7\u00e3o policial interestadual.<\/p>\n<p>Enquanto as investiga\u00e7\u00f5es avan\u00e7am, o lateral emprestado pelo Santos segue realizando suas atividades profissionais normalmente na equipe goiana, que garantiu total colabora\u00e7\u00e3o com a Justi\u00e7a para a elucida\u00e7\u00e3o completa do caso.<\/p>\n<p>Por Reda\u00e7\u00e3o Acontece<\/p>\n<p>Cr\u00e9ditos da imagem: Divulga\u00e7\u00e3o \/ Pol\u00edcia Federal<\/p>\n","protected":false},"excerpt":{"rendered":"<p>O lateral-direito Hayner Monjardim, atualmente defendendo o Vila Nova na S\u00e9rie B do Campeonato Brasileiro, teve sua resid\u00eancia em Goi\u00e2nia e o Centro de Treinamento do clube alvos de mandados de busca e apreens\u00e3o. A a\u00e7\u00e3o faz parte de uma grande investiga\u00e7\u00e3o conduzida contra o tr\u00e1fico interestadual de drogas e armas. Detalhes da Opera\u00e7\u00e3o A [&hellip;]<\/p>\n","protected":false},"author":0,"featured_media":32414,"comment_status":"open","ping_status":"open","sticky":false,"template":"","format":"standard","meta":{"footnotes":""},"categories":[6],"tags":[],"class_list":["post-32407","post","type-post","status-publish","format-standard","has-post-thumbnail","hentry","category-mercosul"],"_links":{"self":[{"href":"https:\/\/acontecenafronteira.com.br\/index.php\/wp-json\/wp\/v2\/posts\/32407","targetHints":{"allow":["GET"]}}],"collection":[{"href":"https:\/\/acontecenafronteira.com.br\/index.php\/wp-json\/wp\/v2\/posts"}],"about":[{"href":"https:\/\/acontecenafronteira.com.br\/index.php\/wp-json\/wp\/v2\/types\/post"}],"replies":[{"embeddable":true,"href":"https:\/\/acontecenafronteira.com.br\/index.php\/wp-json\/wp\/v2\/comments?post=32407"}],"version-history":[{"count":1,"href":"https:\/\/acontecenafronteira.com.br\/index.php\/wp-json\/wp\/v2\/posts\/32407\/revisions"}],"predecessor-version":[{"id":32413,"href":"https:\/\/acontecenafronteira.com.br\/index.php\/wp-json\/wp\/v2\/posts\/32407\/revisions\/32413"}],"wp:featuredmedia":[{"embeddable":true,"href":"https:\/\/acontecenafronteira.com.br\/index.php\/wp-json\/wp\/v2\/media\/32414"}],"wp:attachment":[{"href":"https:\/\/acontecenafronteira.com.br\/index.php\/wp-json\/wp\/v2\/media?parent=32407"}],"wp:term":[{"taxonomy":"category","embeddable":true,"href":"https:\/\/acontecenafronteira.com.br\/index.php\/wp-json\/wp\/v2\/categories?post=32407"},{"taxonomy":"post_tag","embeddable":true,"href":"https:\/\/acontecenafronteira.com.br\/index.php\/wp-json\/wp\/v2\/tags?post=32407"}],"curies":[{"name":"wp","href":"https:\/\/api.w.org\/{rel}","templated":true}]}}