{"id":32406,"date":"2026-08-31T10:37:17","date_gmt":"2026-08-31T13:37:17","guid":{"rendered":"https:\/\/acontecenafronteira.com.br\/?p=32406"},"modified":"2026-08-31T10:37:17","modified_gmt":"2026-08-31T13:37:17","slug":"dembele-perto-de-renovar-com-o-psg-ate-2030","status":"publish","type":"post","link":"https:\/\/acontecenafronteira.com.br\/index.php\/2026\/08\/31\/dembele-perto-de-renovar-com-o-psg-ate-2030\/","title":{"rendered":"Demb\u00e9l\u00e9 perto de renovar com o PSG at\u00e9 2030"},"content":{"rendered":"<p>O atacante franc\u00eas Ousmane Demb\u00e9l\u00e9 est\u00e1 muito pr\u00f3ximo de estender seu v\u00ednculo com o Paris Saint-Germain at\u00e9 junho de 2030, garantindo sua perman\u00eancia no futebol europeu por mais v\u00e1rias temporadas.<\/p>\n<h2>Bastidores da negocia\u00e7\u00e3o com o clube franc\u00eas<\/h2>\n<p>Conforme informa\u00e7\u00f5es da imprensa francesa, o entendimento entre a diretoria do PSG e o atleta foi alcan\u00e7ado recentemente, superando com sucesso o interesse financeiro de equipes do futebol saudita. A expectativa nos bastidores \u00e9 de que a assinatura oficial e o an\u00fancio \u00e0 imprensa ocorram nos pr\u00f3ximos dias.<\/p>\n<p>Embora os valores exatos referentes a sal\u00e1rios e luvas n\u00e3o tenham sido divulgados pelo ve\u00edculo respons\u00e1vel pelo furo, o cen\u00e1rio atual representa uma reviravolta em rela\u00e7\u00e3o aos primeiros meses do ano. No in\u00edcio de 2025, as conversas entre as partes enfrentaram um momento de instabilidade devido a exig\u00eancias salariais que giravam em torno de 60 milh\u00f5es de euros, quantia expressiva que na \u00e9poca equivalia a cerca de R$ 375 milh\u00f5es.<\/p>\n<h2>Consagra\u00e7\u00e3o mundial e protagonismo no PSG<\/h2>\n<p>Ousmane Demb\u00e9l\u00e9 vive o auge absoluto de sua carreira profissional, ostentando atualmente os pr\u00eamios de melhor jogador do mundo pela Bola de Ouro e pela premia\u00e7\u00e3o The Best da FIFA.<\/p>\n<p>Al\u00e9m das conquistas individuais, o ponta franc\u00eas foi o grande protagonista nas campanhas vitoriosas que garantiram ao Paris Saint-Germain os t\u00edtulos da Liga dos Campe\u00f5es da UEFA nas temporadas 2024\/25 e 2025\/26.<\/p>\n<p>Com a consolida\u00e7\u00e3o deste novo e longo acordo, a diretoria parisiense blinda sua principal estrela contra investidas do mercado internacional e assegura estabilidade esportiva para os pr\u00f3ximos anos.<\/p>\n<p>Por Reda\u00e7\u00e3o Acontece<\/p>\n<p>Foto: Kristy Sparow &#8211; UEFA\/UEFA via Getty Images<\/p>\n","protected":false},"excerpt":{"rendered":"<p>O atacante franc\u00eas Ousmane Demb\u00e9l\u00e9 est\u00e1 muito pr\u00f3ximo de estender seu v\u00ednculo com o Paris Saint-Germain at\u00e9 junho de 2030, garantindo sua perman\u00eancia no futebol europeu por mais v\u00e1rias temporadas. Bastidores da negocia\u00e7\u00e3o com o clube franc\u00eas Conforme informa\u00e7\u00f5es da imprensa francesa, o entendimento entre a diretoria do PSG e o atleta foi alcan\u00e7ado recentemente, [&hellip;]<\/p>\n","protected":false},"author":0,"featured_media":32412,"comment_status":"open","ping_status":"open","sticky":false,"template":"","format":"standard","meta":{"footnotes":""},"categories":[6],"tags":[],"class_list":["post-32406","post","type-post","status-publish","format-standard","has-post-thumbnail","hentry","category-mercosul"],"_links":{"self":[{"href":"https:\/\/acontecenafronteira.com.br\/index.php\/wp-json\/wp\/v2\/posts\/32406","targetHints":{"allow":["GET"]}}],"collection":[{"href":"https:\/\/acontecenafronteira.com.br\/index.php\/wp-json\/wp\/v2\/posts"}],"about":[{"href":"https:\/\/acontecenafronteira.com.br\/index.php\/wp-json\/wp\/v2\/types\/post"}],"replies":[{"embeddable":true,"href":"https:\/\/acontecenafronteira.com.br\/index.php\/wp-json\/wp\/v2\/comments?post=32406"}],"version-history":[{"count":1,"href":"https:\/\/acontecenafronteira.com.br\/index.php\/wp-json\/wp\/v2\/posts\/32406\/revisions"}],"predecessor-version":[{"id":32411,"href":"https:\/\/acontecenafronteira.com.br\/index.php\/wp-json\/wp\/v2\/posts\/32406\/revisions\/32411"}],"wp:featuredmedia":[{"embeddable":true,"href":"https:\/\/acontecenafronteira.com.br\/index.php\/wp-json\/wp\/v2\/media\/32412"}],"wp:attachment":[{"href":"https:\/\/acontecenafronteira.com.br\/index.php\/wp-json\/wp\/v2\/media?parent=32406"}],"wp:term":[{"taxonomy":"category","embeddable":true,"href":"https:\/\/acontecenafronteira.com.br\/index.php\/wp-json\/wp\/v2\/categories?post=32406"},{"taxonomy":"post_tag","embeddable":true,"href":"https:\/\/acontecenafronteira.com.br\/index.php\/wp-json\/wp\/v2\/tags?post=32406"}],"curies":[{"name":"wp","href":"https:\/\/api.w.org\/{rel}","templated":true}]}}