{"id":32405,"date":"2026-08-31T10:37:12","date_gmt":"2026-08-31T13:37:12","guid":{"rendered":"https:\/\/acontecenafronteira.com.br\/?p=32405"},"modified":"2026-08-31T10:37:12","modified_gmt":"2026-08-31T13:37:12","slug":"exposicao-sobre-brasilia-atrai-50-mil-visitantes-em-20-dias","status":"publish","type":"post","link":"https:\/\/acontecenafronteira.com.br\/index.php\/2026\/08\/31\/exposicao-sobre-brasilia-atrai-50-mil-visitantes-em-20-dias\/","title":{"rendered":"Exposi\u00e7\u00e3o sobre Bras\u00edlia atrai 50 mil visitantes em 20 dias"},"content":{"rendered":"<p>A mostra Utopias em constru\u00e7\u00e3o: Bras\u00edlia nas dobras do tempo atraiu um p\u00fablico superior a 50 mil pessoas em apenas 20 dias de funcionamento no Museu Nacional da Rep\u00fablica. Aberta em 11 de agosto e com encerramento previsto para outubro, a iniciativa gratuita apresenta um acervo in\u00e9dito que aborda a trajet\u00f3ria da capital federal sob m\u00faltiplos pontos de vista.<\/p>\n<h2>Curadoria e setores da exposi\u00e7\u00e3o<\/h2>\n<p>A organiza\u00e7\u00e3o do evento \u00e9 fruto de uma colabora\u00e7\u00e3o entre o Metr\u00f3poles Arte e o Arquivo P\u00fablico do Distrito Federal. O projeto conta com a curadoria de Marcus Lontra, Mar\u00edlia Panitz e Rafael Peixoto, reunindo fotografias, projetos arquitet\u00f4nicos, documentos hist\u00f3ricos e trabalhos art\u00edsticos.<\/p>\n<p>O percurso est\u00e1 estruturado em tr\u00eas divis\u00f5es principais: \u00c1rea Monumental, Segmentos Radiais e N\u00facleo Documental. Os espa\u00e7os combinam registros do passado com cria\u00e7\u00f5es contempor\u00e2neas, exibindo desde croquis criados por Oscar Niemeyer at\u00e9 pain\u00e9is assinados por Athos Bulc\u00e3o.<\/p>\n<h2>Impacto educativo e preserva\u00e7\u00e3o da mem\u00f3ria<\/h2>\n<p>Adalberto Scigliano, superintendente do Arquivo P\u00fablico do DF, destacou que o projeto surgiu da necessidade de conectar a comunidade \u00e0 sua pr\u00f3pria heran\u00e7a cultural. O gestor pontuou que grande parte da popula\u00e7\u00e3o nasceu ap\u00f3s a inaugura\u00e7\u00e3o da cidade e desconhece os detalhes daquela \u00e9poca.<\/p>\n<p>A programa\u00e7\u00e3o tem atra\u00eddo turistas, moradores locais, educadores e turmas escolares. Estudantes da Escola Classe 413 Sul participaram recentemente de uma visita mediada. Para a professora \u00c1quila Gomes, a iniciativa permitiu que os alunos visualizassem na pr\u00e1tica os conte\u00fados abordados em sala de aula sobre a funda\u00e7\u00e3o do Distrito Federal.<\/p>\n<h2>Servi\u00e7o cultural em cartaz<\/h2>\n<p>A curadora Mar\u00edlia Panitz ressaltou que o objetivo central foi dar visibilidade a documentos raros e demonstrar, por meio da express\u00e3o art\u00edstica, o cotidiano dos pioneiros da capital. A visita\u00e7\u00e3o permanece aberta ao p\u00fablico de ter\u00e7a-feira a domingo, no hor\u00e1rio das 9h \u00e0s 18h30, com entrada franca.<\/p>\n<p>Por Reda\u00e7\u00e3o Acontece<\/p>\n<p>Divulga\u00e7\u00e3o\/Metr\u00f3poles Arte<\/p>\n","protected":false},"excerpt":{"rendered":"<p>A mostra Utopias em constru\u00e7\u00e3o: Bras\u00edlia nas dobras do tempo atraiu um p\u00fablico superior a 50 mil pessoas em apenas 20 dias de funcionamento no Museu Nacional da Rep\u00fablica. Aberta em 11 de agosto e com encerramento previsto para outubro, a iniciativa gratuita apresenta um acervo in\u00e9dito que aborda a trajet\u00f3ria da capital federal sob [&hellip;]<\/p>\n","protected":false},"author":0,"featured_media":32410,"comment_status":"open","ping_status":"open","sticky":false,"template":"","format":"standard","meta":{"footnotes":""},"categories":[6],"tags":[],"class_list":["post-32405","post","type-post","status-publish","format-standard","has-post-thumbnail","hentry","category-mercosul"],"_links":{"self":[{"href":"https:\/\/acontecenafronteira.com.br\/index.php\/wp-json\/wp\/v2\/posts\/32405","targetHints":{"allow":["GET"]}}],"collection":[{"href":"https:\/\/acontecenafronteira.com.br\/index.php\/wp-json\/wp\/v2\/posts"}],"about":[{"href":"https:\/\/acontecenafronteira.com.br\/index.php\/wp-json\/wp\/v2\/types\/post"}],"replies":[{"embeddable":true,"href":"https:\/\/acontecenafronteira.com.br\/index.php\/wp-json\/wp\/v2\/comments?post=32405"}],"version-history":[{"count":1,"href":"https:\/\/acontecenafronteira.com.br\/index.php\/wp-json\/wp\/v2\/posts\/32405\/revisions"}],"predecessor-version":[{"id":32409,"href":"https:\/\/acontecenafronteira.com.br\/index.php\/wp-json\/wp\/v2\/posts\/32405\/revisions\/32409"}],"wp:featuredmedia":[{"embeddable":true,"href":"https:\/\/acontecenafronteira.com.br\/index.php\/wp-json\/wp\/v2\/media\/32410"}],"wp:attachment":[{"href":"https:\/\/acontecenafronteira.com.br\/index.php\/wp-json\/wp\/v2\/media?parent=32405"}],"wp:term":[{"taxonomy":"category","embeddable":true,"href":"https:\/\/acontecenafronteira.com.br\/index.php\/wp-json\/wp\/v2\/categories?post=32405"},{"taxonomy":"post_tag","embeddable":true,"href":"https:\/\/acontecenafronteira.com.br\/index.php\/wp-json\/wp\/v2\/tags?post=32405"}],"curies":[{"name":"wp","href":"https:\/\/api.w.org\/{rel}","templated":true}]}}