{"id":32397,"date":"2026-08-31T10:37:08","date_gmt":"2026-08-31T13:37:08","guid":{"rendered":"https:\/\/acontecenafronteira.com.br\/?p=32397"},"modified":"2026-08-31T10:37:08","modified_gmt":"2026-08-31T13:37:08","slug":"brasil-participa-de-estudo-global-por-cura-da-hepatite-b","status":"publish","type":"post","link":"https:\/\/acontecenafronteira.com.br\/index.php\/2026\/08\/31\/brasil-participa-de-estudo-global-por-cura-da-hepatite-b\/","title":{"rendered":"Brasil participa de estudo global por cura da hepatite B"},"content":{"rendered":"<p>O Brasil passou a integrar uma importante pesquisa internacional liderada pela Universidade Johns Hopkins, nos Estados Unidos, com o objetivo de desvendar os mecanismos biol\u00f3gicos da hepatite B e buscar caminhos para a cura da doen\u00e7a.<\/p>\n<h2>Participa\u00e7\u00e3o nacional na pesquisa<\/h2>\n<p>O cons\u00f3rcio cient\u00edfico conta no pa\u00eds com a colabora\u00e7\u00e3o do Hospital Universit\u00e1rio Cassiano Ant\u00f4nio Moraes, vinculado \u00e0 Universidade Federal do Esp\u00edrito Santo, e da Universidade de S\u00e3o Paulo, al\u00e9m de centros de ensino na \u00cdndia, no Senegal e em Uganda.<\/p>\n<p>O projeto examina de que maneira o v\u00edrus atua no sistema imunol\u00f3gico de pacientes de diversas nacionalidades e avalia os reflexos da infec\u00e7\u00e3o simult\u00e2nea por hepatite B e HIV.<\/p>\n<h2>Metas e etapas do projeto<\/h2>\n<p>No territ\u00f3rio brasileiro, o trabalho cient\u00edfico foi iniciado neste ano com a meta de acompanhar 150 volunt\u00e1rios ao longo de quatro anos e meio, somando 600 participantes no total global da iniciativa.<\/p>\n<p>O objetivo central \u00e9 identificar marcadores gen\u00e9ticos associados \u00e0 prote\u00e7\u00e3o contra o avan\u00e7o r\u00e1pido da enfermidade e reconhecer subpart\u00edculas virais que possam indicar caminhos para tratamentos definitivos e desenvolvimento de novos medicamentos.<\/p>\n<h2>Transmiss\u00e3o e preven\u00e7\u00e3o da infec\u00e7\u00e3o<\/h2>\n<p>Causada por um v\u00edrus transmitido por fluidos corporais, a infec\u00e7\u00e3o pode ocorrer em rela\u00e7\u00f5es sexuais sem prote\u00e7\u00e3o, compartilhamento de objetos perfurocortantes, procedimentos est\u00e9ticos ou cir\u00fargicos sem rigor sanit\u00e1rio, al\u00e9m da transmiss\u00e3o vertical de m\u00e3e para filho durante a gesta\u00e7\u00e3o.<\/p>\n<p>A probabilidade de cronifica\u00e7\u00e3o da doen\u00e7a varia conforme a faixa et\u00e1ria no momento do cont\u00e1gio, sendo significativamente maior em beb\u00eas e crian\u00e7as pequenas, o que refor\u00e7a a import\u00e2ncia da vacina\u00e7\u00e3o como a principal e mais segura forma de preven\u00e7\u00e3o.<\/p>\n<p>Por Reda\u00e7\u00e3o Acontece<\/p>\n<p>Foto: Divulga\u00e7\u00e3o\/Pesquisa M\u00e9dica<\/p>\n","protected":false},"excerpt":{"rendered":"<p>O Brasil passou a integrar uma importante pesquisa internacional liderada pela Universidade Johns Hopkins, nos Estados Unidos, com o objetivo de desvendar os mecanismos biol\u00f3gicos da hepatite B e buscar caminhos para a cura da doen\u00e7a. Participa\u00e7\u00e3o nacional na pesquisa O cons\u00f3rcio cient\u00edfico conta no pa\u00eds com a colabora\u00e7\u00e3o do Hospital Universit\u00e1rio Cassiano Ant\u00f4nio Moraes, [&hellip;]<\/p>\n","protected":false},"author":0,"featured_media":32404,"comment_status":"open","ping_status":"open","sticky":false,"template":"","format":"standard","meta":{"footnotes":""},"categories":[28],"tags":[],"class_list":["post-32397","post","type-post","status-publish","format-standard","has-post-thumbnail","hentry","category-mundo"],"_links":{"self":[{"href":"https:\/\/acontecenafronteira.com.br\/index.php\/wp-json\/wp\/v2\/posts\/32397","targetHints":{"allow":["GET"]}}],"collection":[{"href":"https:\/\/acontecenafronteira.com.br\/index.php\/wp-json\/wp\/v2\/posts"}],"about":[{"href":"https:\/\/acontecenafronteira.com.br\/index.php\/wp-json\/wp\/v2\/types\/post"}],"replies":[{"embeddable":true,"href":"https:\/\/acontecenafronteira.com.br\/index.php\/wp-json\/wp\/v2\/comments?post=32397"}],"version-history":[{"count":1,"href":"https:\/\/acontecenafronteira.com.br\/index.php\/wp-json\/wp\/v2\/posts\/32397\/revisions"}],"predecessor-version":[{"id":32403,"href":"https:\/\/acontecenafronteira.com.br\/index.php\/wp-json\/wp\/v2\/posts\/32397\/revisions\/32403"}],"wp:featuredmedia":[{"embeddable":true,"href":"https:\/\/acontecenafronteira.com.br\/index.php\/wp-json\/wp\/v2\/media\/32404"}],"wp:attachment":[{"href":"https:\/\/acontecenafronteira.com.br\/index.php\/wp-json\/wp\/v2\/media?parent=32397"}],"wp:term":[{"taxonomy":"category","embeddable":true,"href":"https:\/\/acontecenafronteira.com.br\/index.php\/wp-json\/wp\/v2\/categories?post=32397"},{"taxonomy":"post_tag","embeddable":true,"href":"https:\/\/acontecenafronteira.com.br\/index.php\/wp-json\/wp\/v2\/tags?post=32397"}],"curies":[{"name":"wp","href":"https:\/\/api.w.org\/{rel}","templated":true}]}}