{"id":32394,"date":"2026-08-31T10:36:47","date_gmt":"2026-08-31T13:36:47","guid":{"rendered":"https:\/\/acontecenafronteira.com.br\/?p=32394"},"modified":"2026-08-31T10:36:47","modified_gmt":"2026-08-31T13:36:47","slug":"malevola-alves-se-pronuncia-apos-prisao-e-fianca-em-sp","status":"publish","type":"post","link":"https:\/\/acontecenafronteira.com.br\/index.php\/2026\/08\/31\/malevola-alves-se-pronuncia-apos-prisao-e-fianca-em-sp\/","title":{"rendered":"Mal\u00e9vola Alves se pronuncia ap\u00f3s pris\u00e3o e fian\u00e7a em SP"},"content":{"rendered":"<p>Mal\u00e9vola Alves se pronuncia ap\u00f3s pris\u00e3o e fian\u00e7a em SP Saiba tudo sobre a pris\u00e3o da influenciadora Mal\u00e9vola Alves em S\u00e3o Paulo ap\u00f3s briga em festa, o valor da fian\u00e7a paga e a repercuss\u00e3o na web. A criadora de conte\u00fado <strong>Mal\u00e9vola Alves<\/strong> usou as redes sociais no \u00faltimo domingo (30) para quebrar o sil\u00eancio sobre a confus\u00e3o em uma festa na capital paulista que resultou em sua deten\u00e7\u00e3o durante a madrugada. <\/p>\n<h2>O pronunciamento da influenciadora<\/h2>\n<p> Em uma s\u00e9rie de stories publicados no Instagram, a famosa confirmou o epis\u00f3dio de viol\u00eancia, tranquilizou os seguidores ao afirmar que j\u00e1 est\u00e1 em liberdade e revelou ter desembolsado o valor de <strong>R$ 1.600<\/strong> para deixar a carceragem. Durante o desabafo, a figura p\u00fablica criticou a distor\u00e7\u00e3o dos fatos na web, alegando que boatos se espalham rapidamente, e ironizou a pr\u00f3pria situa\u00e7\u00e3o ao justificar que precisava sair logo devido \u00e0 sua agitada rotina de trabalho. <\/p>\n<h2>Repercuss\u00e3o e cr\u00edticas na internet<\/h2>\n<p> A declara\u00e7\u00e3o gerou divis\u00e3o imediata entre os usu\u00e1rios das plataformas digitais, acumulando tanto cr\u00edticas severas ao hist\u00f3rico de pol\u00eamicas da jovem quanto questionamentos sobre a relev\u00e2ncia de seu trabalho na rede. Enquanto alguns seguidores lamentaram o engajamento em torno de suas atitudes, outros ironizaram o ocorrido e pediram que ela se afaste permanentemente da internet ap\u00f3s mais um epis\u00f3dio de barraco. <\/p>\n<h2>Como aconteceu a confus\u00e3o<\/h2>\n<p> O tumulto teve in\u00edcio em um estabelecimento badalado de <strong>S\u00e3o Paulo<\/strong>, onde a famosa estava acompanhada por amigos e contava com a suposta libera\u00e7\u00e3o para frequentar a \u00e1rea restrita do camarote. O conflito come\u00e7ou quando um funcion\u00e1rio do local questionou a presen\u00e7a do grupo no espa\u00e7o VIP, gerando irrita\u00e7\u00e3o nos acompanhantes da influenciadora e escalando rapidamente para um confronto f\u00edsico generalizado. Por Reda\u00e7\u00e3o Acontece Reprodu\u00e7\u00e3o Instagram<\/p>\n","protected":false},"excerpt":{"rendered":"<p>Mal\u00e9vola Alves se pronuncia ap\u00f3s pris\u00e3o e fian\u00e7a em SP Saiba tudo sobre a pris\u00e3o da influenciadora Mal\u00e9vola Alves em S\u00e3o Paulo ap\u00f3s briga em festa, o valor da fian\u00e7a paga e a repercuss\u00e3o na web. A criadora de conte\u00fado Mal\u00e9vola Alves usou as redes sociais no \u00faltimo domingo (30) para quebrar o sil\u00eancio sobre [&hellip;]<\/p>\n","protected":false},"author":0,"featured_media":32399,"comment_status":"open","ping_status":"open","sticky":false,"template":"","format":"standard","meta":{"footnotes":""},"categories":[28],"tags":[],"class_list":["post-32394","post","type-post","status-publish","format-standard","has-post-thumbnail","hentry","category-mundo"],"_links":{"self":[{"href":"https:\/\/acontecenafronteira.com.br\/index.php\/wp-json\/wp\/v2\/posts\/32394","targetHints":{"allow":["GET"]}}],"collection":[{"href":"https:\/\/acontecenafronteira.com.br\/index.php\/wp-json\/wp\/v2\/posts"}],"about":[{"href":"https:\/\/acontecenafronteira.com.br\/index.php\/wp-json\/wp\/v2\/types\/post"}],"replies":[{"embeddable":true,"href":"https:\/\/acontecenafronteira.com.br\/index.php\/wp-json\/wp\/v2\/comments?post=32394"}],"version-history":[{"count":1,"href":"https:\/\/acontecenafronteira.com.br\/index.php\/wp-json\/wp\/v2\/posts\/32394\/revisions"}],"predecessor-version":[{"id":32398,"href":"https:\/\/acontecenafronteira.com.br\/index.php\/wp-json\/wp\/v2\/posts\/32394\/revisions\/32398"}],"wp:featuredmedia":[{"embeddable":true,"href":"https:\/\/acontecenafronteira.com.br\/index.php\/wp-json\/wp\/v2\/media\/32399"}],"wp:attachment":[{"href":"https:\/\/acontecenafronteira.com.br\/index.php\/wp-json\/wp\/v2\/media?parent=32394"}],"wp:term":[{"taxonomy":"category","embeddable":true,"href":"https:\/\/acontecenafronteira.com.br\/index.php\/wp-json\/wp\/v2\/categories?post=32394"},{"taxonomy":"post_tag","embeddable":true,"href":"https:\/\/acontecenafronteira.com.br\/index.php\/wp-json\/wp\/v2\/tags?post=32394"}],"curies":[{"name":"wp","href":"https:\/\/api.w.org\/{rel}","templated":true}]}}