{"id":32385,"date":"2026-08-31T10:36:40","date_gmt":"2026-08-31T13:36:40","guid":{"rendered":"https:\/\/acontecenafronteira.com.br\/?p=32385"},"modified":"2026-08-31T10:36:40","modified_gmt":"2026-08-31T13:36:40","slug":"desenrola-fies-prazo-para-renegociacao-acaba-hoje-31","status":"publish","type":"post","link":"https:\/\/acontecenafronteira.com.br\/index.php\/2026\/08\/31\/desenrola-fies-prazo-para-renegociacao-acaba-hoje-31\/","title":{"rendered":"Desenrola Fies: prazo para renegocia\u00e7\u00e3o acaba hoje (31)"},"content":{"rendered":"<p>Estudantes e profissionais que possuem pend\u00eancias financeiras com o Fundo de Financiamento Estudantil t\u00eam at\u00e9 esta segunda-feira (31) para aproveitar as facilidades do programa de regulariza\u00e7\u00e3o e garantir descontos expressivos.<\/p>\n<h2>Condi\u00e7\u00f5es e descontos oferecidos<\/h2>\n<p>O programa concede abatimentos que podem alcan\u00e7ar at\u00e9 99% dos juros e encargos morat\u00f3rios, al\u00e9m de redu\u00e7\u00f5es de at\u00e9 12% no valor principal da d\u00edvida para pagamento \u00e0 vista.<\/p>\n<p>As modalidades de parcelamento tamb\u00e9m foram ampliadas, permitindo que o saldo devedor seja dividido em presta\u00e7\u00f5es mensais que caibam no or\u00e7amento, com a exig\u00eancia de uma entrada m\u00ednima acess\u00edvel.<\/p>\n<h2>Quem pode participar da renegocia\u00e7\u00e3o<\/h2>\n<p>Podem aderir ao programa os contratos firmados at\u00e9 o segundo semestre de 2017 que possuam d\u00e9bitos em fase de amortiza\u00e7\u00e3o vencidos e n\u00e3o pagos at\u00e9 30 de junho de 2023.<\/p>\n<p>A ades\u00e3o deve ser realizada de forma totalmente digital, diretamente nos canais de atendimento oficiais da institui\u00e7\u00e3o financeira respons\u00e1vel pelo contrato ou pelo aplicativo oficial do governo.<\/p>\n<p>A perda desta data limite significa o retorno \u00e0s regras contratuais tradicionais de cobran\u00e7a, sem os benef\u00edcios tempor\u00e1rios concedidos pela iniciativa federal.<\/p>\n<p>Por Reda\u00e7\u00e3o Acontece<\/p>\n<p>Cr\u00e9ditos da imagem: Divulga\u00e7\u00e3o \/ MEC<\/p>\n","protected":false},"excerpt":{"rendered":"<p>Estudantes e profissionais que possuem pend\u00eancias financeiras com o Fundo de Financiamento Estudantil t\u00eam at\u00e9 esta segunda-feira (31) para aproveitar as facilidades do programa de regulariza\u00e7\u00e3o e garantir descontos expressivos. Condi\u00e7\u00f5es e descontos oferecidos O programa concede abatimentos que podem alcan\u00e7ar at\u00e9 99% dos juros e encargos morat\u00f3rios, al\u00e9m de redu\u00e7\u00f5es de at\u00e9 12% no [&hellip;]<\/p>\n","protected":false},"author":0,"featured_media":32393,"comment_status":"open","ping_status":"open","sticky":false,"template":"","format":"standard","meta":{"footnotes":""},"categories":[18],"tags":[],"class_list":["post-32385","post","type-post","status-publish","format-standard","has-post-thumbnail","hentry","category-parana"],"_links":{"self":[{"href":"https:\/\/acontecenafronteira.com.br\/index.php\/wp-json\/wp\/v2\/posts\/32385","targetHints":{"allow":["GET"]}}],"collection":[{"href":"https:\/\/acontecenafronteira.com.br\/index.php\/wp-json\/wp\/v2\/posts"}],"about":[{"href":"https:\/\/acontecenafronteira.com.br\/index.php\/wp-json\/wp\/v2\/types\/post"}],"replies":[{"embeddable":true,"href":"https:\/\/acontecenafronteira.com.br\/index.php\/wp-json\/wp\/v2\/comments?post=32385"}],"version-history":[{"count":1,"href":"https:\/\/acontecenafronteira.com.br\/index.php\/wp-json\/wp\/v2\/posts\/32385\/revisions"}],"predecessor-version":[{"id":32392,"href":"https:\/\/acontecenafronteira.com.br\/index.php\/wp-json\/wp\/v2\/posts\/32385\/revisions\/32392"}],"wp:featuredmedia":[{"embeddable":true,"href":"https:\/\/acontecenafronteira.com.br\/index.php\/wp-json\/wp\/v2\/media\/32393"}],"wp:attachment":[{"href":"https:\/\/acontecenafronteira.com.br\/index.php\/wp-json\/wp\/v2\/media?parent=32385"}],"wp:term":[{"taxonomy":"category","embeddable":true,"href":"https:\/\/acontecenafronteira.com.br\/index.php\/wp-json\/wp\/v2\/categories?post=32385"},{"taxonomy":"post_tag","embeddable":true,"href":"https:\/\/acontecenafronteira.com.br\/index.php\/wp-json\/wp\/v2\/tags?post=32385"}],"curies":[{"name":"wp","href":"https:\/\/api.w.org\/{rel}","templated":true}]}}