{"id":32384,"date":"2026-08-31T10:36:37","date_gmt":"2026-08-31T13:36:37","guid":{"rendered":"https:\/\/acontecenafronteira.com.br\/?p=32384"},"modified":"2026-08-31T10:36:37","modified_gmt":"2026-08-31T13:36:37","slug":"chuva-em-cascavel-equipes-prestam-atendimento-24-horas","status":"publish","type":"post","link":"https:\/\/acontecenafronteira.com.br\/index.php\/2026\/08\/31\/chuva-em-cascavel-equipes-prestam-atendimento-24-horas\/","title":{"rendered":"Chuva em Cascavel: equipes prestam atendimento 24 horas"},"content":{"rendered":"<p>As fortes chuvas que atingiram o munic\u00edpio de Cascavel no \u00faltimo domingo (30) geraram diversos chamados de emerg\u00eancia em diferentes bairros da cidade, exigindo uma pronta resposta da administra\u00e7\u00e3o municipal.<\/p>\n<h2>Opera\u00e7\u00e3o de emerg\u00eancia em andamento<\/h2>\n<p>Diante dos estragos provocados pelo temporal, uma for\u00e7a-tarefa foi montada para prestar aux\u00edlio imediato \u00e0 popula\u00e7\u00e3o afetada, com frentes de trabalho atuando em regime integral para minimizar os impactos e garantir a seguran\u00e7a dos moradores.<\/p>\n<h2>Distribui\u00e7\u00e3o de materiais de apoio<\/h2>\n<p>Como parte das a\u00e7\u00f5es emergenciais coordenadas pela prefeitura, a comunidade est\u00e1 recebendo insumos essenciais para reparos r\u00e1pidos em resid\u00eancias danificadas pelas intemp\u00e9ries, com destaque para a entrega cont\u00ednua de lonas pl\u00e1sticas e telhas.<\/p>\n<p>Os profissionais envolvidos na opera\u00e7\u00e3o permanecem mobilizados de prontid\u00e3o para atender a novos chamados e monitorar as \u00e1reas que apresentaram maior vulnerabilidade durante o temporal deste fim de semana.<\/p>\n<p>A gest\u00e3o municipal refor\u00e7a que os canais oficiais de atendimento seguem abertos para que os cidad\u00e3os possam reportar ocorr\u00eancias e solicitar ajuda humanit\u00e1ria a qualquer momento.<\/p>\n<p>Por Reda\u00e7\u00e3o Acontece<\/p>\n<p>Cr\u00e9ditos da imagem: Divulga\u00e7\u00e3o\/Prefeitura de Cascavel<\/p>\n","protected":false},"excerpt":{"rendered":"<p>As fortes chuvas que atingiram o munic\u00edpio de Cascavel no \u00faltimo domingo (30) geraram diversos chamados de emerg\u00eancia em diferentes bairros da cidade, exigindo uma pronta resposta da administra\u00e7\u00e3o municipal. Opera\u00e7\u00e3o de emerg\u00eancia em andamento Diante dos estragos provocados pelo temporal, uma for\u00e7a-tarefa foi montada para prestar aux\u00edlio imediato \u00e0 popula\u00e7\u00e3o afetada, com frentes de [&hellip;]<\/p>\n","protected":false},"author":0,"featured_media":32391,"comment_status":"open","ping_status":"open","sticky":false,"template":"","format":"standard","meta":{"footnotes":""},"categories":[18],"tags":[],"class_list":["post-32384","post","type-post","status-publish","format-standard","has-post-thumbnail","hentry","category-parana"],"_links":{"self":[{"href":"https:\/\/acontecenafronteira.com.br\/index.php\/wp-json\/wp\/v2\/posts\/32384","targetHints":{"allow":["GET"]}}],"collection":[{"href":"https:\/\/acontecenafronteira.com.br\/index.php\/wp-json\/wp\/v2\/posts"}],"about":[{"href":"https:\/\/acontecenafronteira.com.br\/index.php\/wp-json\/wp\/v2\/types\/post"}],"replies":[{"embeddable":true,"href":"https:\/\/acontecenafronteira.com.br\/index.php\/wp-json\/wp\/v2\/comments?post=32384"}],"version-history":[{"count":1,"href":"https:\/\/acontecenafronteira.com.br\/index.php\/wp-json\/wp\/v2\/posts\/32384\/revisions"}],"predecessor-version":[{"id":32390,"href":"https:\/\/acontecenafronteira.com.br\/index.php\/wp-json\/wp\/v2\/posts\/32384\/revisions\/32390"}],"wp:featuredmedia":[{"embeddable":true,"href":"https:\/\/acontecenafronteira.com.br\/index.php\/wp-json\/wp\/v2\/media\/32391"}],"wp:attachment":[{"href":"https:\/\/acontecenafronteira.com.br\/index.php\/wp-json\/wp\/v2\/media?parent=32384"}],"wp:term":[{"taxonomy":"category","embeddable":true,"href":"https:\/\/acontecenafronteira.com.br\/index.php\/wp-json\/wp\/v2\/categories?post=32384"},{"taxonomy":"post_tag","embeddable":true,"href":"https:\/\/acontecenafronteira.com.br\/index.php\/wp-json\/wp\/v2\/tags?post=32384"}],"curies":[{"name":"wp","href":"https:\/\/api.w.org\/{rel}","templated":true}]}}