{"id":32383,"date":"2026-08-31T10:36:34","date_gmt":"2026-08-31T13:36:34","guid":{"rendered":"https:\/\/acontecenafronteira.com.br\/?p=32383"},"modified":"2026-08-31T10:36:34","modified_gmt":"2026-08-31T13:36:34","slug":"atacante-do-vasco-e-alvo-de-operacao-da-policia-por-trafico","status":"publish","type":"post","link":"https:\/\/acontecenafronteira.com.br\/index.php\/2026\/08\/31\/atacante-do-vasco-e-alvo-de-operacao-da-policia-por-trafico\/","title":{"rendered":"Atacante do Vasco \u00e9 alvo de opera\u00e7\u00e3o da pol\u00edcia por tr\u00e1fico"},"content":{"rendered":"<p>O atacante David Corr\u00eaa, mais conhecido como DVD e atualmente no elenco do Vasco da Gama, tornou-se alvo de uma opera\u00e7\u00e3o da Pol\u00edcia Civil deflagrada nesta segunda-feira (31). A a\u00e7\u00e3o investiga a atua\u00e7\u00e3o de uma rede criminosa especializada no com\u00e9rcio ilegal de armas de fogo e entorpecentes.<\/p>\n<h2>Investiga\u00e7\u00e3o sobre o esquema criminoso<\/h2>\n<p>As autoridades policiais cumprem mandados para desarticular a estrutura suspeita de movimentar o tr\u00e1fico na regi\u00e3o. O atleta \u00e9 apontado pelos investigadores como um dos alvos principais desta fase da opera\u00e7\u00e3o.<\/p>\n<h3>A\u00e7\u00f5es da Pol\u00edcia Civil<\/h3>\n<p>As equipes est\u00e3o nas ruas para cumprir ordens judiciais de busca e apreens\u00e3o. O objetivo \u00e9 recolher provas que confirmem a participa\u00e7\u00e3o de suspeitos no esquema il\u00edcito de armamentos e drogas.<\/p>\n<p>A investiga\u00e7\u00e3o segue em sigilo para n\u00e3o comprometer as pr\u00f3ximas etapas da opera\u00e7\u00e3o policial. Mais detalhes sobre o caso devem ser divulgados pelas autoridades competentes ao longo do dia.<\/p>\n<p>O clube carioca ainda n\u00e3o se pronunciou oficialmente sobre a cita\u00e7\u00e3o do atacante na investiga\u00e7\u00e3o conduzida pela pol\u00edcia. A situa\u00e7\u00e3o gerou grande repercuss\u00e3o nos bastidores do futebol brasileiro.<\/p>\n<p>Por Reda\u00e7\u00e3o Acontece<\/p>\n<p>Cr\u00e9ditos da imagem: Reprodu\u00e7\u00e3o \/ Redes Sociais<\/p>\n","protected":false},"excerpt":{"rendered":"<p>O atacante David Corr\u00eaa, mais conhecido como DVD e atualmente no elenco do Vasco da Gama, tornou-se alvo de uma opera\u00e7\u00e3o da Pol\u00edcia Civil deflagrada nesta segunda-feira (31). A a\u00e7\u00e3o investiga a atua\u00e7\u00e3o de uma rede criminosa especializada no com\u00e9rcio ilegal de armas de fogo e entorpecentes. Investiga\u00e7\u00e3o sobre o esquema criminoso As autoridades policiais [&hellip;]<\/p>\n","protected":false},"author":0,"featured_media":32389,"comment_status":"open","ping_status":"open","sticky":false,"template":"","format":"standard","meta":{"footnotes":""},"categories":[18],"tags":[],"class_list":["post-32383","post","type-post","status-publish","format-standard","has-post-thumbnail","hentry","category-parana"],"_links":{"self":[{"href":"https:\/\/acontecenafronteira.com.br\/index.php\/wp-json\/wp\/v2\/posts\/32383","targetHints":{"allow":["GET"]}}],"collection":[{"href":"https:\/\/acontecenafronteira.com.br\/index.php\/wp-json\/wp\/v2\/posts"}],"about":[{"href":"https:\/\/acontecenafronteira.com.br\/index.php\/wp-json\/wp\/v2\/types\/post"}],"replies":[{"embeddable":true,"href":"https:\/\/acontecenafronteira.com.br\/index.php\/wp-json\/wp\/v2\/comments?post=32383"}],"version-history":[{"count":1,"href":"https:\/\/acontecenafronteira.com.br\/index.php\/wp-json\/wp\/v2\/posts\/32383\/revisions"}],"predecessor-version":[{"id":32388,"href":"https:\/\/acontecenafronteira.com.br\/index.php\/wp-json\/wp\/v2\/posts\/32383\/revisions\/32388"}],"wp:featuredmedia":[{"embeddable":true,"href":"https:\/\/acontecenafronteira.com.br\/index.php\/wp-json\/wp\/v2\/media\/32389"}],"wp:attachment":[{"href":"https:\/\/acontecenafronteira.com.br\/index.php\/wp-json\/wp\/v2\/media?parent=32383"}],"wp:term":[{"taxonomy":"category","embeddable":true,"href":"https:\/\/acontecenafronteira.com.br\/index.php\/wp-json\/wp\/v2\/categories?post=32383"},{"taxonomy":"post_tag","embeddable":true,"href":"https:\/\/acontecenafronteira.com.br\/index.php\/wp-json\/wp\/v2\/tags?post=32383"}],"curies":[{"name":"wp","href":"https:\/\/api.w.org\/{rel}","templated":true}]}}