{"id":32382,"date":"2026-08-31T10:36:31","date_gmt":"2026-08-31T13:36:31","guid":{"rendered":"https:\/\/acontecenafronteira.com.br\/?p=32382"},"modified":"2026-08-31T10:36:31","modified_gmt":"2026-08-31T13:36:31","slug":"mp-investiga-comodato-irregular-do-acp-saf-e-gusttavo-lima","status":"publish","type":"post","link":"https:\/\/acontecenafronteira.com.br\/index.php\/2026\/08\/31\/mp-investiga-comodato-irregular-do-acp-saf-e-gusttavo-lima\/","title":{"rendered":"MP investiga comodato irregular do ACP SAF e Gusttavo Lima"},"content":{"rendered":"<p>O Minist\u00e9rio P\u00fablico do Paran\u00e1 abriu uma investiga\u00e7\u00e3o para apurar a legalidade do uso de dois terrenos p\u00fablicos no Jardim Ouro Branco, em Paranava\u00ed, pelo Atl\u00e9tico Clube Paranava\u00ed (ACP). O caso envolve a SAF do clube, o cantor Gusttavo Lima e ex-gestores municipais.<\/p>\n<h2>Investiga\u00e7\u00e3o sobre bens p\u00fablicos<\/h2>\n<p>A promotoria analisa a transfer\u00eancia e a utiliza\u00e7\u00e3o das \u00e1reas, que foram cedidas ao clube de futebol sem a devida licita\u00e7\u00e3o ou justificativa legal transparente. O procedimento busca entender se houve favorecimento indevido na transa\u00e7\u00e3o imobili\u00e1ria.<\/p>\n<h3>Envolvimento da SAF e do artista<\/h3>\n<p>A gest\u00e3o recente do clube, que agora opera no formato de Sociedade An\u00f4nima do Futebol (SAF) e conta com a associa\u00e7\u00e3o do cantor Gusttavo Lima, est\u00e1 no centro das an\u00e1lises para verificar a conformidade dos contratos de comodato vigentes.<\/p>\n<h2>Responsabilidade das administra\u00e7\u00f5es municipais<\/h2>\n<p>Al\u00e9m dos atuais dirigentes e parceiros comerciais do time de futebol, o inqu\u00e9rito tamb\u00e9m examina a conduta de administra\u00e7\u00f5es municipais passadas. Os investigadores querem determinar a responsabilidade de agentes p\u00fablicos na libera\u00e7\u00e3o dos espa\u00e7os.<\/p>\n<p>O avan\u00e7o das apura\u00e7\u00f5es pode resultar em A\u00e7\u00e3o Civil P\u00fablica caso sejam comprovadas irregularidades na cess\u00e3o dos bens pertencentes \u00e0 prefeitura local.<\/p>\n<p>Por Reda\u00e7\u00e3o Acontece<\/p>\n<p>Cr\u00e9ditos da imagem: Reprodu\u00e7\u00e3o \/ Redes Sociais<\/p>\n","protected":false},"excerpt":{"rendered":"<p>O Minist\u00e9rio P\u00fablico do Paran\u00e1 abriu uma investiga\u00e7\u00e3o para apurar a legalidade do uso de dois terrenos p\u00fablicos no Jardim Ouro Branco, em Paranava\u00ed, pelo Atl\u00e9tico Clube Paranava\u00ed (ACP). O caso envolve a SAF do clube, o cantor Gusttavo Lima e ex-gestores municipais. Investiga\u00e7\u00e3o sobre bens p\u00fablicos A promotoria analisa a transfer\u00eancia e a utiliza\u00e7\u00e3o [&hellip;]<\/p>\n","protected":false},"author":0,"featured_media":32387,"comment_status":"open","ping_status":"open","sticky":false,"template":"","format":"standard","meta":{"footnotes":""},"categories":[18],"tags":[],"class_list":["post-32382","post","type-post","status-publish","format-standard","has-post-thumbnail","hentry","category-parana"],"_links":{"self":[{"href":"https:\/\/acontecenafronteira.com.br\/index.php\/wp-json\/wp\/v2\/posts\/32382","targetHints":{"allow":["GET"]}}],"collection":[{"href":"https:\/\/acontecenafronteira.com.br\/index.php\/wp-json\/wp\/v2\/posts"}],"about":[{"href":"https:\/\/acontecenafronteira.com.br\/index.php\/wp-json\/wp\/v2\/types\/post"}],"replies":[{"embeddable":true,"href":"https:\/\/acontecenafronteira.com.br\/index.php\/wp-json\/wp\/v2\/comments?post=32382"}],"version-history":[{"count":1,"href":"https:\/\/acontecenafronteira.com.br\/index.php\/wp-json\/wp\/v2\/posts\/32382\/revisions"}],"predecessor-version":[{"id":32386,"href":"https:\/\/acontecenafronteira.com.br\/index.php\/wp-json\/wp\/v2\/posts\/32382\/revisions\/32386"}],"wp:featuredmedia":[{"embeddable":true,"href":"https:\/\/acontecenafronteira.com.br\/index.php\/wp-json\/wp\/v2\/media\/32387"}],"wp:attachment":[{"href":"https:\/\/acontecenafronteira.com.br\/index.php\/wp-json\/wp\/v2\/media?parent=32382"}],"wp:term":[{"taxonomy":"category","embeddable":true,"href":"https:\/\/acontecenafronteira.com.br\/index.php\/wp-json\/wp\/v2\/categories?post=32382"},{"taxonomy":"post_tag","embeddable":true,"href":"https:\/\/acontecenafronteira.com.br\/index.php\/wp-json\/wp\/v2\/tags?post=32382"}],"curies":[{"name":"wp","href":"https:\/\/api.w.org\/{rel}","templated":true}]}}