{"id":32369,"date":"2026-08-31T10:36:14","date_gmt":"2026-08-31T13:36:14","guid":{"rendered":"https:\/\/acontecenafronteira.com.br\/?p=32369"},"modified":"2026-08-31T10:36:14","modified_gmt":"2026-08-31T13:36:14","slug":"ponte-da-integracao-carros-de-passeio-liberados-em-setembro","status":"publish","type":"post","link":"https:\/\/acontecenafronteira.com.br\/index.php\/2026\/08\/31\/ponte-da-integracao-carros-de-passeio-liberados-em-setembro\/","title":{"rendered":"Ponte da Integra\u00e7\u00e3o: carros de passeio liberados em setembro"},"content":{"rendered":"<p>A partir do dia 14 de setembro, a Ponte da Integra\u00e7\u00e3o, que liga o Brasil ao Paraguai, finalmente permitir\u00e1 o tr\u00e1fego de carros de passeio. A decis\u00e3o hist\u00f3rica foi oficializada pela Comiss\u00e3o Mista binacional e atende diretamente a uma antiga reivindica\u00e7\u00e3o dos habitantes da regi\u00e3o de fronteira.<\/p>\n<h2>Quem ser\u00e1 beneficiado pela medida?<\/h2>\n<p>A nova regra de libera\u00e7\u00e3o contempla de forma exclusiva os residentes de quatro munic\u00edpios estrat\u00e9gicos da regi\u00e3o trinacional: Foz do Igua\u00e7u, no lado brasileiro, al\u00e9m de Ciudad del Este, Presidente Franco e Hernandarias, no territ\u00f3rio paraguaio.<\/p>\n<h2>Regras r\u00edgidas e restri\u00e7\u00f5es<\/h2>\n<p>Apesar da abertura t\u00e3o esperada, a travessia de autom\u00f3veis n\u00e3o ser\u00e1 livre para qualquer motorista ou finalidade. O processo exige um documento especial de circula\u00e7\u00e3o e conta com normativas severas para coibir o turismo de compras na fronteira.<\/p>\n<p>Para garantir que a passagem seja \u00e1gil e exclusiva para os moradores locais cadastrados, as autoridades de tr\u00e2nsito e alfandeg\u00e1rias fiscalizar\u00e3o rigorosamente cada ve\u00edculo. O objetivo \u00e9 evitar congestionamentos e o uso comercial inadequado da nova via internacional.<\/p>\n<p>Com essa inaugura\u00e7\u00e3o parcial para o tr\u00e1fego leve, a expectativa \u00e9 desafogar o fluxo de ve\u00edculos na tradicional Ponte da Amizade, melhorando a integra\u00e7\u00e3o urbana e econ\u00f4mica entre as cidades vizinhas.<\/p>\n<p>Por Reda\u00e7\u00e3o Acontece<\/p>\n<p>Cr\u00e9ditos da imagem: Divulga\u00e7\u00e3o \/ AconteceIA<\/p>\n","protected":false},"excerpt":{"rendered":"<p>A partir do dia 14 de setembro, a Ponte da Integra\u00e7\u00e3o, que liga o Brasil ao Paraguai, finalmente permitir\u00e1 o tr\u00e1fego de carros de passeio. A decis\u00e3o hist\u00f3rica foi oficializada pela Comiss\u00e3o Mista binacional e atende diretamente a uma antiga reivindica\u00e7\u00e3o dos habitantes da regi\u00e3o de fronteira. Quem ser\u00e1 beneficiado pela medida? A nova regra [&hellip;]<\/p>\n","protected":false},"author":0,"featured_media":32373,"comment_status":"open","ping_status":"open","sticky":false,"template":"","format":"standard","meta":{"footnotes":""},"categories":[4],"tags":[],"class_list":["post-32369","post","type-post","status-publish","format-standard","has-post-thumbnail","hentry","category-cidade"],"_links":{"self":[{"href":"https:\/\/acontecenafronteira.com.br\/index.php\/wp-json\/wp\/v2\/posts\/32369","targetHints":{"allow":["GET"]}}],"collection":[{"href":"https:\/\/acontecenafronteira.com.br\/index.php\/wp-json\/wp\/v2\/posts"}],"about":[{"href":"https:\/\/acontecenafronteira.com.br\/index.php\/wp-json\/wp\/v2\/types\/post"}],"replies":[{"embeddable":true,"href":"https:\/\/acontecenafronteira.com.br\/index.php\/wp-json\/wp\/v2\/comments?post=32369"}],"version-history":[{"count":1,"href":"https:\/\/acontecenafronteira.com.br\/index.php\/wp-json\/wp\/v2\/posts\/32369\/revisions"}],"predecessor-version":[{"id":32372,"href":"https:\/\/acontecenafronteira.com.br\/index.php\/wp-json\/wp\/v2\/posts\/32369\/revisions\/32372"}],"wp:featuredmedia":[{"embeddable":true,"href":"https:\/\/acontecenafronteira.com.br\/index.php\/wp-json\/wp\/v2\/media\/32373"}],"wp:attachment":[{"href":"https:\/\/acontecenafronteira.com.br\/index.php\/wp-json\/wp\/v2\/media?parent=32369"}],"wp:term":[{"taxonomy":"category","embeddable":true,"href":"https:\/\/acontecenafronteira.com.br\/index.php\/wp-json\/wp\/v2\/categories?post=32369"},{"taxonomy":"post_tag","embeddable":true,"href":"https:\/\/acontecenafronteira.com.br\/index.php\/wp-json\/wp\/v2\/tags?post=32369"}],"curies":[{"name":"wp","href":"https:\/\/api.w.org\/{rel}","templated":true}]}}