{"id":32368,"date":"2026-08-31T10:36:10","date_gmt":"2026-08-31T13:36:10","guid":{"rendered":"https:\/\/acontecenafronteira.com.br\/?p=32368"},"modified":"2026-08-31T10:36:10","modified_gmt":"2026-08-31T13:36:10","slug":"congresso-espectro-2026-debate-autismo-em-foz-do-iguacu","status":"publish","type":"post","link":"https:\/\/acontecenafronteira.com.br\/index.php\/2026\/08\/31\/congresso-espectro-2026-debate-autismo-em-foz-do-iguacu\/","title":{"rendered":"Congresso Espectro 2026 debate autismo em Foz do Igua\u00e7u"},"content":{"rendered":"<p>Foz do Igua\u00e7u se prepara para sediar o Congresso Espectro 2026, considerado um dos maiores e mais importantes eventos do pa\u00eds voltados ao debate sobre o Transtorno do Espectro Autista (TEA) e o neurodesenvolvimento.<\/p>\n<h2>Data e local do evento<\/h2>\n<p>A programa\u00e7\u00e3o oficial ocorrer\u00e1 entre os dias 5 e 7 de novembro. O local escolhido para receber o p\u00fablico, profissionais da sa\u00fade, educadores e familiares \u00e9 o Recanto Cataratas Thermas Resort &amp; Convention.<\/p>\n<h2>Foco no neurodesenvolvimento<\/h2>\n<p>Durante os tr\u00eas dias de atividades, o congresso deve atrair centenas de participantes interessados em atualiza\u00e7\u00f5es cient\u00edficas, pr\u00e1ticas terap\u00eauticas e inclus\u00e3o. Especialistas renomados marcar\u00e3o presen\u00e7a para compartilhar experi\u00eancias e avan\u00e7os na \u00e1rea.<\/p>\n<p>Por Reda\u00e7\u00e3o Acontece<\/p>\n<p>Cr\u00e9ditos da imagem: Divulga\u00e7\u00e3o \/ Congresso Espectro<\/p>\n","protected":false},"excerpt":{"rendered":"<p>Foz do Igua\u00e7u se prepara para sediar o Congresso Espectro 2026, considerado um dos maiores e mais importantes eventos do pa\u00eds voltados ao debate sobre o Transtorno do Espectro Autista (TEA) e o neurodesenvolvimento. Data e local do evento A programa\u00e7\u00e3o oficial ocorrer\u00e1 entre os dias 5 e 7 de novembro. O local escolhido para [&hellip;]<\/p>\n","protected":false},"author":0,"featured_media":32371,"comment_status":"open","ping_status":"open","sticky":false,"template":"","format":"standard","meta":{"footnotes":""},"categories":[4],"tags":[],"class_list":["post-32368","post","type-post","status-publish","format-standard","has-post-thumbnail","hentry","category-cidade"],"_links":{"self":[{"href":"https:\/\/acontecenafronteira.com.br\/index.php\/wp-json\/wp\/v2\/posts\/32368","targetHints":{"allow":["GET"]}}],"collection":[{"href":"https:\/\/acontecenafronteira.com.br\/index.php\/wp-json\/wp\/v2\/posts"}],"about":[{"href":"https:\/\/acontecenafronteira.com.br\/index.php\/wp-json\/wp\/v2\/types\/post"}],"replies":[{"embeddable":true,"href":"https:\/\/acontecenafronteira.com.br\/index.php\/wp-json\/wp\/v2\/comments?post=32368"}],"version-history":[{"count":1,"href":"https:\/\/acontecenafronteira.com.br\/index.php\/wp-json\/wp\/v2\/posts\/32368\/revisions"}],"predecessor-version":[{"id":32370,"href":"https:\/\/acontecenafronteira.com.br\/index.php\/wp-json\/wp\/v2\/posts\/32368\/revisions\/32370"}],"wp:featuredmedia":[{"embeddable":true,"href":"https:\/\/acontecenafronteira.com.br\/index.php\/wp-json\/wp\/v2\/media\/32371"}],"wp:attachment":[{"href":"https:\/\/acontecenafronteira.com.br\/index.php\/wp-json\/wp\/v2\/media?parent=32368"}],"wp:term":[{"taxonomy":"category","embeddable":true,"href":"https:\/\/acontecenafronteira.com.br\/index.php\/wp-json\/wp\/v2\/categories?post=32368"},{"taxonomy":"post_tag","embeddable":true,"href":"https:\/\/acontecenafronteira.com.br\/index.php\/wp-json\/wp\/v2\/tags?post=32368"}],"curies":[{"name":"wp","href":"https:\/\/api.w.org\/{rel}","templated":true}]}}