{"id":32351,"date":"2026-08-31T09:37:50","date_gmt":"2026-08-31T12:37:50","guid":{"rendered":"https:\/\/acontecenafronteira.com.br\/?p=32351"},"modified":"2026-08-31T09:37:50","modified_gmt":"2026-08-31T12:37:50","slug":"operacao-a-tropa-saiba-o-motivo-do-nome-da-acao-policial","status":"publish","type":"post","link":"https:\/\/acontecenafronteira.com.br\/index.php\/2026\/08\/31\/operacao-a-tropa-saiba-o-motivo-do-nome-da-acao-policial\/","title":{"rendered":"Opera\u00e7\u00e3o A Tropa: saiba o motivo do nome da a\u00e7\u00e3o policial"},"content":{"rendered":"<p>Deflagrada na \u00faltima segunda-feira (31\/8), a a\u00e7\u00e3o policial que teve como um dos alvos o atacante David Corr\u00eaa, jogador do Vasco da Gama, foi batizada de Opera\u00e7\u00e3o A Tropa. O caso est\u00e1 sob a responsabilidade da Pol\u00edcia Civil do Esp\u00edrito Santo (PCES) e apura suspeitas de envolvimento com tr\u00e1fico de entorpecentes, com\u00e9rcio ilegal de armas e lavagem de capitais.<\/p>\n<h2>Origem da nomenclatura da investiga\u00e7\u00e3o<\/h2>\n<p>De acordo com as autoridades de seguran\u00e7a p\u00fablica, a batismo da opera\u00e7\u00e3o faz men\u00e7\u00e3o direta ao termo adotado pelos pr\u00f3prios suspeitos para nomear a organiza\u00e7\u00e3o criminosa. A mobiliza\u00e7\u00e3o envolve o cumprimento de 15 mandados de busca e apreens\u00e3o, al\u00e9m de quatro ordens de pris\u00e3o tempor\u00e1ria expedidas pela Justi\u00e7a.<\/p>\n<h2>Abrang\u00eancia e alvos da investida policial<\/h2>\n<p>As dilig\u00eancias ocorrem de maneira simult\u00e2nea em v\u00e1rias regi\u00f5es do pa\u00eds. Os agentes atuam em munic\u00edpios da Grande Vit\u00f3ria e em Afonso Cl\u00e1udio, no Esp\u00edrito Santo, bem como nos estados do Rio de Janeiro, de Goi\u00e1s, de S\u00e3o Paulo e no Distrito Federal. At\u00e9 o momento, um atleta teve a pris\u00e3o efetuada em territ\u00f3rio paulista, embora sua identidade seja mantida em sigilo.<\/p>\n<h2>Esfor\u00e7o integrado de seguran\u00e7a<\/h2>\n<p>A for\u00e7a-tarefa conta com a participa\u00e7\u00e3o de cerca de 100 policiais civis. O objetivo das equipes \u00e9 desarticular o esquema il\u00edcito, cumprir todas as determina\u00e7\u00f5es judiciais e recolher novas provas que ajudem a esclarecer a extens\u00e3o dos crimes investigados.<\/p>\n<p>Em posicionamento oficial, a diretoria do Vasco da Gama informou que est\u00e1 \u00e0 disposi\u00e7\u00e3o para colaborar com os \u00f3rg\u00e3os competentes e que acompanha o desdobramento do caso aguardando o encerramento das apura\u00e7\u00f5es.<\/p>\n<p>Por Reda\u00e7\u00e3o Acontece<\/p>\n<p>Foto: Divulga\u00e7\u00e3o\/Pol\u00edcia Civil<\/p>\n","protected":false},"excerpt":{"rendered":"<p>Deflagrada na \u00faltima segunda-feira (31\/8), a a\u00e7\u00e3o policial que teve como um dos alvos o atacante David Corr\u00eaa, jogador do Vasco da Gama, foi batizada de Opera\u00e7\u00e3o A Tropa. O caso est\u00e1 sob a responsabilidade da Pol\u00edcia Civil do Esp\u00edrito Santo (PCES) e apura suspeitas de envolvimento com tr\u00e1fico de entorpecentes, com\u00e9rcio ilegal de armas [&hellip;]<\/p>\n","protected":false},"author":0,"featured_media":32359,"comment_status":"open","ping_status":"open","sticky":false,"template":"","format":"standard","meta":{"footnotes":""},"categories":[6],"tags":[],"class_list":["post-32351","post","type-post","status-publish","format-standard","has-post-thumbnail","hentry","category-mercosul"],"_links":{"self":[{"href":"https:\/\/acontecenafronteira.com.br\/index.php\/wp-json\/wp\/v2\/posts\/32351","targetHints":{"allow":["GET"]}}],"collection":[{"href":"https:\/\/acontecenafronteira.com.br\/index.php\/wp-json\/wp\/v2\/posts"}],"about":[{"href":"https:\/\/acontecenafronteira.com.br\/index.php\/wp-json\/wp\/v2\/types\/post"}],"replies":[{"embeddable":true,"href":"https:\/\/acontecenafronteira.com.br\/index.php\/wp-json\/wp\/v2\/comments?post=32351"}],"version-history":[{"count":1,"href":"https:\/\/acontecenafronteira.com.br\/index.php\/wp-json\/wp\/v2\/posts\/32351\/revisions"}],"predecessor-version":[{"id":32358,"href":"https:\/\/acontecenafronteira.com.br\/index.php\/wp-json\/wp\/v2\/posts\/32351\/revisions\/32358"}],"wp:featuredmedia":[{"embeddable":true,"href":"https:\/\/acontecenafronteira.com.br\/index.php\/wp-json\/wp\/v2\/media\/32359"}],"wp:attachment":[{"href":"https:\/\/acontecenafronteira.com.br\/index.php\/wp-json\/wp\/v2\/media?parent=32351"}],"wp:term":[{"taxonomy":"category","embeddable":true,"href":"https:\/\/acontecenafronteira.com.br\/index.php\/wp-json\/wp\/v2\/categories?post=32351"},{"taxonomy":"post_tag","embeddable":true,"href":"https:\/\/acontecenafronteira.com.br\/index.php\/wp-json\/wp\/v2\/tags?post=32351"}],"curies":[{"name":"wp","href":"https:\/\/api.w.org\/{rel}","templated":true}]}}