{"id":32350,"date":"2026-08-31T09:37:46","date_gmt":"2026-08-31T12:37:46","guid":{"rendered":"https:\/\/acontecenafronteira.com.br\/?p=32350"},"modified":"2026-08-31T09:37:46","modified_gmt":"2026-08-31T12:37:46","slug":"volta-de-harry-e-meghan-ao-reino-unido-abala-o-principe-william","status":"publish","type":"post","link":"https:\/\/acontecenafronteira.com.br\/index.php\/2026\/08\/31\/volta-de-harry-e-meghan-ao-reino-unido-abala-o-principe-william\/","title":{"rendered":"Volta de Harry e Meghan ao Reino Unido abala o pr\u00edncipe William"},"content":{"rendered":"<p>A repatria\u00e7\u00e3o do pr\u00edncipe Harry e de Meghan Markle para terras brit\u00e2nicas provocou uma forte instabilidade emocional no pr\u00edncipe William, segundo especialistas na monarquia. A chegada do casal acompanhado dos filhos, Archie e Lilibet Diana, ocorreu na \u00faltima segunda-feira (24\/8) e recolocou os duques de Sussex no centro das aten\u00e7\u00f5es da m\u00eddia internacional.<\/p>\n<h2>O impacto na rela\u00e7\u00e3o entre os irm\u00e3os<\/h2>\n<p>A escritora e bi\u00f3grafa real Katie Nicholl revelou em entrevista \u00e0 revista Vanity Fair que a mudan\u00e7a gerou forte repercuss\u00e3o nos bastidores da realeza. Os filhos do rei Charles III mant\u00eam um distanciamento profundo e evitam contato direto desde os recentes atritos familiares.<\/p>\n<p>Para a especialista, a proximidade f\u00edsica exige vigil\u00e2ncia constante do herdeiro do trono. A incerteza sobre os pr\u00f3ximos passos de Harry mant\u00e9m o primog\u00eanito do rei em estado de alerta permanente, aumentando a tens\u00e3o entre os membros da coroa brit\u00e2nica.<\/p>\n<h2>Press\u00e3o por reconcilia\u00e7\u00e3o<\/h2>\n<p>Conversando com a publica\u00e7\u00e3o Hello!, a autora destacou que a nova din\u00e2mica territorial complica a postura irredut\u00edvel de William sobre um poss\u00edvel perd\u00e3o. Como os duques renunciaram \u00e0s fun\u00e7\u00f5es oficiais em mar\u00e7o de 2020 para buscar autonomia financeira \u2014 passando por Canad\u00e1 e Estados Unidos \u2014, a volta ao Reino Unido estreita a dist\u00e2ncia geogr\u00e1fica em rela\u00e7\u00e3o ao rei Charles.<\/p>\n<p>Dessa forma, a proximidade com o monarca dificulta a manuten\u00e7\u00e3o do rompimento definitivo entre os irm\u00e3os, criando um cen\u00e1rio complexo para a sucess\u00e3o real.<\/p>\n<h2>Expectativas da Igreja Anglicana<\/h2>\n<p>Especialistas apontam que figuras influentes, incluindo l\u00edderes da Igreja Anglicana, devem intensificar as cobran\u00e7as para que o futuro rei d\u00ea o primeiro passo. A expectativa \u00e9 de que William assuma uma postura conciliadora, embora o pr\u00edncipe e sua esposa, Kate Middleton, ainda n\u00e3o tenham se manifestado publicamente sobre a novidade devido ao per\u00edodo de f\u00e9rias.<\/p>\n<p>Por Reda\u00e7\u00e3o Acontece<\/p>\n<p>Cr\u00e9ditos da imagem: Asanka Ratnayake\/Getty Images<\/p>\n","protected":false},"excerpt":{"rendered":"<p>A repatria\u00e7\u00e3o do pr\u00edncipe Harry e de Meghan Markle para terras brit\u00e2nicas provocou uma forte instabilidade emocional no pr\u00edncipe William, segundo especialistas na monarquia. A chegada do casal acompanhado dos filhos, Archie e Lilibet Diana, ocorreu na \u00faltima segunda-feira (24\/8) e recolocou os duques de Sussex no centro das aten\u00e7\u00f5es da m\u00eddia internacional. O impacto [&hellip;]<\/p>\n","protected":false},"author":0,"featured_media":32357,"comment_status":"open","ping_status":"open","sticky":false,"template":"","format":"standard","meta":{"footnotes":""},"categories":[6],"tags":[],"class_list":["post-32350","post","type-post","status-publish","format-standard","has-post-thumbnail","hentry","category-mercosul"],"_links":{"self":[{"href":"https:\/\/acontecenafronteira.com.br\/index.php\/wp-json\/wp\/v2\/posts\/32350","targetHints":{"allow":["GET"]}}],"collection":[{"href":"https:\/\/acontecenafronteira.com.br\/index.php\/wp-json\/wp\/v2\/posts"}],"about":[{"href":"https:\/\/acontecenafronteira.com.br\/index.php\/wp-json\/wp\/v2\/types\/post"}],"replies":[{"embeddable":true,"href":"https:\/\/acontecenafronteira.com.br\/index.php\/wp-json\/wp\/v2\/comments?post=32350"}],"version-history":[{"count":1,"href":"https:\/\/acontecenafronteira.com.br\/index.php\/wp-json\/wp\/v2\/posts\/32350\/revisions"}],"predecessor-version":[{"id":32356,"href":"https:\/\/acontecenafronteira.com.br\/index.php\/wp-json\/wp\/v2\/posts\/32350\/revisions\/32356"}],"wp:featuredmedia":[{"embeddable":true,"href":"https:\/\/acontecenafronteira.com.br\/index.php\/wp-json\/wp\/v2\/media\/32357"}],"wp:attachment":[{"href":"https:\/\/acontecenafronteira.com.br\/index.php\/wp-json\/wp\/v2\/media?parent=32350"}],"wp:term":[{"taxonomy":"category","embeddable":true,"href":"https:\/\/acontecenafronteira.com.br\/index.php\/wp-json\/wp\/v2\/categories?post=32350"},{"taxonomy":"post_tag","embeddable":true,"href":"https:\/\/acontecenafronteira.com.br\/index.php\/wp-json\/wp\/v2\/tags?post=32350"}],"curies":[{"name":"wp","href":"https:\/\/api.w.org\/{rel}","templated":true}]}}