{"id":32339,"date":"2026-08-31T09:37:32","date_gmt":"2026-08-31T12:37:32","guid":{"rendered":"https:\/\/acontecenafronteira.com.br\/?p=32339"},"modified":"2026-08-31T09:37:32","modified_gmt":"2026-08-31T12:37:32","slug":"morre-carlos-monforte-pioneiro-do-telejornalismo-aos-77-anos","status":"publish","type":"post","link":"https:\/\/acontecenafronteira.com.br\/index.php\/2026\/08\/31\/morre-carlos-monforte-pioneiro-do-telejornalismo-aos-77-anos\/","title":{"rendered":"Morre Carlos Monforte, pioneiro do telejornalismo, aos 77 anos"},"content":{"rendered":"<p>O renomado jornalista Carlos Monforte faleceu nesta segunda-feira, aos 77 anos de idade. Com uma trajet\u00f3ria que ultrapassou quatro d\u00e9cadas dedicadas \u00e0 comunica\u00e7\u00e3o, ele marcou o nome na hist\u00f3ria da televis\u00e3o nacional ao se consolidar como um dos primeiros profissionais a exercer o modelo de \u00e2ncora no pa\u00eds, al\u00e9m de ter passagens marcantes pelos principais telejornais da TV Globo. A causa do falecimento n\u00e3o foi tornada p\u00fablica.<\/p>\n<h2>De Santos para as reda\u00e7\u00f5es<\/h2>\n<p>\nNascido no litoral paulista, na cidade de Santos, Monforte deu os primeiros passos na profiss\u00e3o como rep\u00f3rter no jornal <b>A Tribuna<\/b> antes mesmo de terminar a faculdade. Diplome-se em 1972, passou brevemente pela pasta estadual de Obras p\u00fablicas e, entre 1973 e 1978, atuou como rep\u00f3rter especial no jornal <b>O Estado de S. Paulo<\/b>. Durante esses anos, buscou especializa\u00e7\u00e3o no exterior, realizando cursos na Universidade de Navarra, na Espanha, e na Funda\u00e7\u00e3o Beauve Marie, na Fran\u00e7a.<\/p>\n<h2>Trajet\u00f3ria de destaque na televis\u00e3o<\/h2>\n<p>\nA chegada \u00e0 emissora carioca ocorreu em 1978, ap\u00f3s convite de jornalistas da reda\u00e7\u00e3o paulista. Inicialmente atuando como rep\u00f3rter local, cobriu fatos marcantes para o <b>Jornal Nacional<\/b> e o <b>Fant\u00e1stico<\/b>, a exemplo das hist\u00f3ricas greves dos metal\u00fargicos no ABC paulista. O pr\u00f3prio comunicador admitia que a transi\u00e7\u00e3o para a telinha exigiu dedica\u00e7\u00e3o intensa para dominar a nova linguagem.<\/p>\n<p>Em 1982, assumiu a chefia da editoria de Pol\u00edtica do <b>Jornal da Globo<\/b> e comandou o <b>Bom Dia S\u00e3o Paulo<\/b>. Logo no ano seguinte, com o lan\u00e7amento do <b>Bom Dia Brasil<\/b>, assumiu as fun\u00e7\u00f5es de editor-chefe e apresentador, cargo que ocupou por quase uma d\u00e9cada, realizando centenas de entrevistas com figuras centrais da pol\u00edtica e da economia nacional.<\/p>\n<p>Monforte foi fundamental para moldar o perfil do \u00e2ncora brasileiro, caracterizado pelo envolvimento direto na edi\u00e7\u00e3o e na defini\u00e7\u00e3o dos rumos do telejornal, diferenciando o modelo nacional das pr\u00e1ticas internacionais.<\/p>\n<h2>Coberturas hist\u00f3ricas e passagem pela GloboNews<\/h2>\n<p>\nAp\u00f3s um intervalo de dois anos na Confedera\u00e7\u00e3o Nacional da Ind\u00fastria (CNI) no in\u00edcio da d\u00e9cada de 1990, retornou \u00e0 emissora para atuar como rep\u00f3rter especial na capital federal. Em Bras\u00edlia, cobriu momentos decisivos da pol\u00edtica, dialogou com presidentes da Rep\u00fablica e produziu reportagens investigativas de grande repercuss\u00e3o.<\/p>\n<p>A partir de 1998, integrou o time do canal <b>GloboNews<\/b>, onde apresentou atra\u00e7\u00f5es como o <b>Espa\u00e7o Aberto<\/b> e o <b>Jornal das Dez<\/b>, al\u00e9m de coordenar a cobertura da emissora a cabo em Bras\u00edlia at\u00e9 o final de sua gest\u00e3o na casa.<\/p>\n<p>A trajet\u00f3ria de Carlos Monforte permanece como um dos pilares fundamentais para a consolida\u00e7\u00e3o do jornalismo di\u00e1rio e da editoria pol\u00edtica na televis\u00e3o brasileira.<\/p>\n<p>Por Reda\u00e7\u00e3o Acontece<\/p>\n<p>Acervo Globo<\/p>\n","protected":false},"excerpt":{"rendered":"<p>O renomado jornalista Carlos Monforte faleceu nesta segunda-feira, aos 77 anos de idade. Com uma trajet\u00f3ria que ultrapassou quatro d\u00e9cadas dedicadas \u00e0 comunica\u00e7\u00e3o, ele marcou o nome na hist\u00f3ria da televis\u00e3o nacional ao se consolidar como um dos primeiros profissionais a exercer o modelo de \u00e2ncora no pa\u00eds, al\u00e9m de ter passagens marcantes pelos principais [&hellip;]<\/p>\n","protected":false},"author":0,"featured_media":32347,"comment_status":"open","ping_status":"open","sticky":false,"template":"","format":"standard","meta":{"footnotes":""},"categories":[28],"tags":[],"class_list":["post-32339","post","type-post","status-publish","format-standard","has-post-thumbnail","hentry","category-mundo"],"_links":{"self":[{"href":"https:\/\/acontecenafronteira.com.br\/index.php\/wp-json\/wp\/v2\/posts\/32339","targetHints":{"allow":["GET"]}}],"collection":[{"href":"https:\/\/acontecenafronteira.com.br\/index.php\/wp-json\/wp\/v2\/posts"}],"about":[{"href":"https:\/\/acontecenafronteira.com.br\/index.php\/wp-json\/wp\/v2\/types\/post"}],"replies":[{"embeddable":true,"href":"https:\/\/acontecenafronteira.com.br\/index.php\/wp-json\/wp\/v2\/comments?post=32339"}],"version-history":[{"count":1,"href":"https:\/\/acontecenafronteira.com.br\/index.php\/wp-json\/wp\/v2\/posts\/32339\/revisions"}],"predecessor-version":[{"id":32346,"href":"https:\/\/acontecenafronteira.com.br\/index.php\/wp-json\/wp\/v2\/posts\/32339\/revisions\/32346"}],"wp:featuredmedia":[{"embeddable":true,"href":"https:\/\/acontecenafronteira.com.br\/index.php\/wp-json\/wp\/v2\/media\/32347"}],"wp:attachment":[{"href":"https:\/\/acontecenafronteira.com.br\/index.php\/wp-json\/wp\/v2\/media?parent=32339"}],"wp:term":[{"taxonomy":"category","embeddable":true,"href":"https:\/\/acontecenafronteira.com.br\/index.php\/wp-json\/wp\/v2\/categories?post=32339"},{"taxonomy":"post_tag","embeddable":true,"href":"https:\/\/acontecenafronteira.com.br\/index.php\/wp-json\/wp\/v2\/tags?post=32339"}],"curies":[{"name":"wp","href":"https:\/\/api.w.org\/{rel}","templated":true}]}}