{"id":32337,"date":"2026-08-31T09:37:23","date_gmt":"2026-08-31T12:37:23","guid":{"rendered":"https:\/\/acontecenafronteira.com.br\/?p=32337"},"modified":"2026-08-31T09:37:23","modified_gmt":"2026-08-31T12:37:23","slug":"leao-abandonado-recupera-rugido-antes-de-morrer","status":"publish","type":"post","link":"https:\/\/acontecenafronteira.com.br\/index.php\/2026\/08\/31\/leao-abandonado-recupera-rugido-antes-de-morrer\/","title":{"rendered":"Le\u00e3o abandonado recupera rugido antes de morrer"},"content":{"rendered":"<p>Um le\u00e3o que passou seis anos totalmente isolado nas depend\u00eancias de um zool\u00f3gico desativado na Arm\u00eania conseguiu recuperar sua capacidade de rugir e voltou a interagir com sua esp\u00e9cie ap\u00f3s ser transferido para um ref\u00fagio na \u00c1frica do Sul, embora tenha falecido aos 15 anos em abril de 2024.<\/p>\n<h2>O abandono e o sil\u00eancio de seis anos<\/h2>\n<p>O felino, batizado como Ruben, ficou completamente sozinho no local ap\u00f3s o falecimento do antigo dono, per\u00edodo em que os demais bichos foram retirados. Durante meia d\u00e9cada de abandono, o animal sobreviveu com ra\u00e7\u00f5es escassas e sem qualquer tipo de conviv\u00eancia com outros esp\u00e9cimes da mesma fauna.<\/p>\n<p>A organiza\u00e7\u00e3o protetora relatou que a primeira visualiza\u00e7\u00e3o do bicho, realizada em janeiro de 2023, revelou um cen\u00e1rio degradante de sa\u00fade, com o carn\u00edvoro apresentando desnutri\u00e7\u00e3o severa, dificuldades motoras graves e problemas comportamentais evidentes devido ao confinamento prolongado.<\/p>\n<h2>A esperan\u00e7a no santu\u00e1rio sul-africano<\/h2>\n<p>Ainda no in\u00edcio de 2023, o mam\u00edfero foi transportado para uma unidade de preserva\u00e7\u00e3o de vida silvestre situada em solo sul-africano, onde o tratamento adequado gerou melhoras expressivas em sua mobilidade e permitiu que voltasse a explorar o habitat natural.<\/p>\n<p>Com o passar dos meses, o le\u00e3o redescobriu o conv\u00edvio com outros da sua esp\u00e9cie e recuperou o t\u00e3o esperado rugido, transformando-se em um s\u00edmbolo de resili\u00eancia e for\u00e7a de vontade perante as adversidades impostas pelo cativeiro.<\/p>\n<p>Apesar de ter desfrutado de apenas sete meses de liberdade e dignidade no novo lar, o felino deixou uma marca indel\u00e9vel na hist\u00f3ria da conserva\u00e7\u00e3o animal antes de falecer no dia 15 de abril de 2024.<\/p>\n<p>Por Reda\u00e7\u00e3o Acontece<\/p>\n<p>Foto: Reprodu\u00e7\u00e3o \/ ADI<\/p>\n","protected":false},"excerpt":{"rendered":"<p>Um le\u00e3o que passou seis anos totalmente isolado nas depend\u00eancias de um zool\u00f3gico desativado na Arm\u00eania conseguiu recuperar sua capacidade de rugir e voltou a interagir com sua esp\u00e9cie ap\u00f3s ser transferido para um ref\u00fagio na \u00c1frica do Sul, embora tenha falecido aos 15 anos em abril de 2024. O abandono e o sil\u00eancio de [&hellip;]<\/p>\n","protected":false},"author":0,"featured_media":32343,"comment_status":"open","ping_status":"open","sticky":false,"template":"","format":"standard","meta":{"footnotes":""},"categories":[28],"tags":[],"class_list":["post-32337","post","type-post","status-publish","format-standard","has-post-thumbnail","hentry","category-mundo"],"_links":{"self":[{"href":"https:\/\/acontecenafronteira.com.br\/index.php\/wp-json\/wp\/v2\/posts\/32337","targetHints":{"allow":["GET"]}}],"collection":[{"href":"https:\/\/acontecenafronteira.com.br\/index.php\/wp-json\/wp\/v2\/posts"}],"about":[{"href":"https:\/\/acontecenafronteira.com.br\/index.php\/wp-json\/wp\/v2\/types\/post"}],"replies":[{"embeddable":true,"href":"https:\/\/acontecenafronteira.com.br\/index.php\/wp-json\/wp\/v2\/comments?post=32337"}],"version-history":[{"count":1,"href":"https:\/\/acontecenafronteira.com.br\/index.php\/wp-json\/wp\/v2\/posts\/32337\/revisions"}],"predecessor-version":[{"id":32342,"href":"https:\/\/acontecenafronteira.com.br\/index.php\/wp-json\/wp\/v2\/posts\/32337\/revisions\/32342"}],"wp:featuredmedia":[{"embeddable":true,"href":"https:\/\/acontecenafronteira.com.br\/index.php\/wp-json\/wp\/v2\/media\/32343"}],"wp:attachment":[{"href":"https:\/\/acontecenafronteira.com.br\/index.php\/wp-json\/wp\/v2\/media?parent=32337"}],"wp:term":[{"taxonomy":"category","embeddable":true,"href":"https:\/\/acontecenafronteira.com.br\/index.php\/wp-json\/wp\/v2\/categories?post=32337"},{"taxonomy":"post_tag","embeddable":true,"href":"https:\/\/acontecenafronteira.com.br\/index.php\/wp-json\/wp\/v2\/tags?post=32337"}],"curies":[{"name":"wp","href":"https:\/\/api.w.org\/{rel}","templated":true}]}}