{"id":32326,"date":"2026-08-31T09:37:08","date_gmt":"2026-08-31T12:37:08","guid":{"rendered":"https:\/\/acontecenafronteira.com.br\/?p=32326"},"modified":"2026-08-31T09:37:08","modified_gmt":"2026-08-31T12:37:08","slug":"temporal-no-parana-ventos-de-90-km-h-e-granizo-causam-estragos","status":"publish","type":"post","link":"https:\/\/acontecenafronteira.com.br\/index.php\/2026\/08\/31\/temporal-no-parana-ventos-de-90-km-h-e-granizo-causam-estragos\/","title":{"rendered":"Temporal no Paran\u00e1: Ventos de 90 km\/h e granizo causam estragos"},"content":{"rendered":"<p>O Paran\u00e1 foi severamente castigado por fortes tempestades durante o \u00faltimo fim de semana, registrando rajadas de vento que superaram a marca de 90 km\/h, al\u00e9m de volumes expressivos de precipita\u00e7\u00e3o e epis\u00f3dios isolados de queda de granizo em diferentes munic\u00edpios.<\/p>\n<h2>Balan\u00e7o dos estragos e atua\u00e7\u00e3o da Defesa Civil<\/h2>\n<p>As intemp\u00e9ries provocaram estragos consider\u00e1veis na infraestrutura urbana e rural de v\u00e1rias cidades paranaenses, mobilizando equipes de atendimento emergencial para prestar aux\u00edlio \u00e0s fam\u00edlias afetadas e restabelecer os servi\u00e7os essenciais o mais r\u00e1pido poss\u00edvel.<\/p>\n<h2>Previs\u00e3o do tempo e alertas para as pr\u00f3ximas horas<\/h2>\n<p>Especialistas em meteorologia alertam que a instabilidade atmosf\u00e9rica ainda pode persistir em algumas \u00e1reas do estado, mantendo os \u00f3rg\u00e3os de seguran\u00e7a em estado de aten\u00e7\u00e3o para novos epis\u00f3dios de precipita\u00e7\u00e3o severa e ventania ao longo dos pr\u00f3ximos dias.<\/p>\n<p>As autoridades competentes recomendam que a popula\u00e7\u00e3o redobre os cuidados durante os per\u00edodos de chuvas intensas, evitando \u00e1reas de risco, abrigando-se adequadamente e acompanhando os boletins meteorol\u00f3gicos atualizados regularmente.<\/p>\n<p>Por Reda\u00e7\u00e3o Acontece<\/p>\n<p>Cr\u00e9ditos da imagem: Divulga\u00e7\u00e3o \/ Defesa Civil<\/p>\n","protected":false},"excerpt":{"rendered":"<p>O Paran\u00e1 foi severamente castigado por fortes tempestades durante o \u00faltimo fim de semana, registrando rajadas de vento que superaram a marca de 90 km\/h, al\u00e9m de volumes expressivos de precipita\u00e7\u00e3o e epis\u00f3dios isolados de queda de granizo em diferentes munic\u00edpios. Balan\u00e7o dos estragos e atua\u00e7\u00e3o da Defesa Civil As intemp\u00e9ries provocaram estragos consider\u00e1veis na [&hellip;]<\/p>\n","protected":false},"author":0,"featured_media":32333,"comment_status":"open","ping_status":"open","sticky":false,"template":"","format":"standard","meta":{"footnotes":""},"categories":[18],"tags":[],"class_list":["post-32326","post","type-post","status-publish","format-standard","has-post-thumbnail","hentry","category-parana"],"_links":{"self":[{"href":"https:\/\/acontecenafronteira.com.br\/index.php\/wp-json\/wp\/v2\/posts\/32326","targetHints":{"allow":["GET"]}}],"collection":[{"href":"https:\/\/acontecenafronteira.com.br\/index.php\/wp-json\/wp\/v2\/posts"}],"about":[{"href":"https:\/\/acontecenafronteira.com.br\/index.php\/wp-json\/wp\/v2\/types\/post"}],"replies":[{"embeddable":true,"href":"https:\/\/acontecenafronteira.com.br\/index.php\/wp-json\/wp\/v2\/comments?post=32326"}],"version-history":[{"count":1,"href":"https:\/\/acontecenafronteira.com.br\/index.php\/wp-json\/wp\/v2\/posts\/32326\/revisions"}],"predecessor-version":[{"id":32332,"href":"https:\/\/acontecenafronteira.com.br\/index.php\/wp-json\/wp\/v2\/posts\/32326\/revisions\/32332"}],"wp:featuredmedia":[{"embeddable":true,"href":"https:\/\/acontecenafronteira.com.br\/index.php\/wp-json\/wp\/v2\/media\/32333"}],"wp:attachment":[{"href":"https:\/\/acontecenafronteira.com.br\/index.php\/wp-json\/wp\/v2\/media?parent=32326"}],"wp:term":[{"taxonomy":"category","embeddable":true,"href":"https:\/\/acontecenafronteira.com.br\/index.php\/wp-json\/wp\/v2\/categories?post=32326"},{"taxonomy":"post_tag","embeddable":true,"href":"https:\/\/acontecenafronteira.com.br\/index.php\/wp-json\/wp\/v2\/tags?post=32326"}],"curies":[{"name":"wp","href":"https:\/\/api.w.org\/{rel}","templated":true}]}}