{"id":32325,"date":"2026-08-31T09:37:05","date_gmt":"2026-08-31T12:37:05","guid":{"rendered":"https:\/\/acontecenafronteira.com.br\/?p=32325"},"modified":"2026-08-31T09:37:05","modified_gmt":"2026-08-31T12:37:05","slug":"mppr-quer-suspender-contrato-do-transporte-em-guarapuava","status":"publish","type":"post","link":"https:\/\/acontecenafronteira.com.br\/index.php\/2026\/08\/31\/mppr-quer-suspender-contrato-do-transporte-em-guarapuava\/","title":{"rendered":"MPPR quer suspender contrato do transporte em Guarapuava"},"content":{"rendered":"<p>O Minist\u00e9rio P\u00fablico do Paran\u00e1 (MPPR) protocolou uma a\u00e7\u00e3o civil p\u00fablica com o objetivo de suspender imediatamente a prorroga\u00e7\u00e3o do contrato de concess\u00e3o do transporte coletivo em Guarapuava, apontando graves irregularidades no processo administrativo.<\/p>\n<h2>Entenda o caso da licita\u00e7\u00e3o em Guarapuava<\/h2>\n<p>A medida judicial foi tomada ap\u00f3s investiga\u00e7\u00f5es apontarem que a extens\u00e3o do v\u00ednculo com a empresa concession\u00e1ria ocorreu sem a devida nova licita\u00e7\u00e3o, violando princ\u00edpios fundamentais da administra\u00e7\u00e3o p\u00fablica e a legisla\u00e7\u00e3o vigente sobre contratos p\u00fablicos.<\/p>\n<h2>Irregularidades apontadas pelo Minist\u00e9rio P\u00fablico<\/h2>\n<p>De acordo com os promotores respons\u00e1veis pelo caso, a manobra adotada pelo poder p\u00fablico municipal gerou preju\u00edzos \u00e0 competitividade e impediu que outras empresas do setor pudessem concorrer \u00e0 presta\u00e7\u00e3o do servi\u00e7o na cidade.<\/p>\n<p>O \u00f3rg\u00e3o ministerial destaca ainda que a continuidade da presta\u00e7\u00e3o nestes moldes compromete a qualidade do servi\u00e7o oferecido \u00e0 popula\u00e7\u00e3o guarapuavana, al\u00e9m de manter tarifas que podem n\u00e3o refletir a realidade econ\u00f4mica do mercado atual.<\/p>\n<h2>Pr\u00f3ximos passos da Justi\u00e7a<\/h2>\n<p>A a\u00e7\u00e3o agora tramita no Poder Judici\u00e1rio, onde o MPPR aguarda uma decis\u00e3o liminar para paralisar os efeitos da prorroga\u00e7\u00e3o contratual enquanto o m\u00e9rito da quest\u00e3o \u00e9 julgado em definitivo.<\/p>\n<p>Por Reda\u00e7\u00e3o Acontece<\/p>\n<p>Foto: Divulga\u00e7\u00e3o\/Prefeitura de Guarapuava<\/p>\n","protected":false},"excerpt":{"rendered":"<p>O Minist\u00e9rio P\u00fablico do Paran\u00e1 (MPPR) protocolou uma a\u00e7\u00e3o civil p\u00fablica com o objetivo de suspender imediatamente a prorroga\u00e7\u00e3o do contrato de concess\u00e3o do transporte coletivo em Guarapuava, apontando graves irregularidades no processo administrativo. Entenda o caso da licita\u00e7\u00e3o em Guarapuava A medida judicial foi tomada ap\u00f3s investiga\u00e7\u00f5es apontarem que a extens\u00e3o do v\u00ednculo com [&hellip;]<\/p>\n","protected":false},"author":0,"featured_media":32331,"comment_status":"open","ping_status":"open","sticky":false,"template":"","format":"standard","meta":{"footnotes":""},"categories":[18],"tags":[],"class_list":["post-32325","post","type-post","status-publish","format-standard","has-post-thumbnail","hentry","category-parana"],"_links":{"self":[{"href":"https:\/\/acontecenafronteira.com.br\/index.php\/wp-json\/wp\/v2\/posts\/32325","targetHints":{"allow":["GET"]}}],"collection":[{"href":"https:\/\/acontecenafronteira.com.br\/index.php\/wp-json\/wp\/v2\/posts"}],"about":[{"href":"https:\/\/acontecenafronteira.com.br\/index.php\/wp-json\/wp\/v2\/types\/post"}],"replies":[{"embeddable":true,"href":"https:\/\/acontecenafronteira.com.br\/index.php\/wp-json\/wp\/v2\/comments?post=32325"}],"version-history":[{"count":1,"href":"https:\/\/acontecenafronteira.com.br\/index.php\/wp-json\/wp\/v2\/posts\/32325\/revisions"}],"predecessor-version":[{"id":32330,"href":"https:\/\/acontecenafronteira.com.br\/index.php\/wp-json\/wp\/v2\/posts\/32325\/revisions\/32330"}],"wp:featuredmedia":[{"embeddable":true,"href":"https:\/\/acontecenafronteira.com.br\/index.php\/wp-json\/wp\/v2\/media\/32331"}],"wp:attachment":[{"href":"https:\/\/acontecenafronteira.com.br\/index.php\/wp-json\/wp\/v2\/media?parent=32325"}],"wp:term":[{"taxonomy":"category","embeddable":true,"href":"https:\/\/acontecenafronteira.com.br\/index.php\/wp-json\/wp\/v2\/categories?post=32325"},{"taxonomy":"post_tag","embeddable":true,"href":"https:\/\/acontecenafronteira.com.br\/index.php\/wp-json\/wp\/v2\/tags?post=32325"}],"curies":[{"name":"wp","href":"https:\/\/api.w.org\/{rel}","templated":true}]}}