{"id":32313,"date":"2026-08-31T09:36:47","date_gmt":"2026-08-31T12:36:47","guid":{"rendered":"https:\/\/acontecenafronteira.com.br\/?p=32313"},"modified":"2026-08-31T09:36:47","modified_gmt":"2026-08-31T12:36:47","slug":"congresso-vota-fim-da-escala-6x1-e-taxa-das-blusinhas","status":"publish","type":"post","link":"https:\/\/acontecenafronteira.com.br\/index.php\/2026\/08\/31\/congresso-vota-fim-da-escala-6x1-e-taxa-das-blusinhas\/","title":{"rendered":"Congresso vota fim da escala 6&#215;1 e taxa das blusinhas"},"content":{"rendered":"<p>O Congresso Nacional vive uma semana considerada decisiva para a economia e as leis trabalhistas do pa\u00eds, reunindo deputados e senadores em um esfor\u00e7o concentrado antes do per\u00edodo eleitoral.<\/p>\n<h2>Pautas de forte impacto no Congresso<\/h2>\n<p>No centro das aten\u00e7\u00f5es est\u00e3o propostas que mexem diretamente com o bolso do trabalhador e o cotidiano da popula\u00e7\u00e3o, com destaque para a discuss\u00e3o sobre o fim da <strong>escala 6&#215;1<\/strong>.<\/p>\n<h2>Mudan\u00e7as nas compras internacionais<\/h2>\n<p>Outro tema que promete debates intensos no parlamento \u00e9 a poss\u00edvel isen\u00e7\u00e3o da chamada <strong>taxa das blusinhas<\/strong>, imposto que afeta as compras em plataformas de com\u00e9rcio eletr\u00f4nico estrangeiras.<\/p>\n<p>Al\u00e9m das pautas de consumo e do mercado de trabalho, parlamentares tamb\u00e9m dedicam aten\u00e7\u00e3o especial \u00e0 an\u00e1lise e vota\u00e7\u00e3o do <strong>Or\u00e7amento de 2027<\/strong>, definindo as prioridades financeiras do governo para os pr\u00f3ximos anos.<\/p>\n<p>Por Reda\u00e7\u00e3o Acontece<\/p>\n<p>Cr\u00e9ditos da imagem: Divulga\u00e7\u00e3o \/ Ag\u00eancia Brasil<\/p>\n","protected":false},"excerpt":{"rendered":"<p>O Congresso Nacional vive uma semana considerada decisiva para a economia e as leis trabalhistas do pa\u00eds, reunindo deputados e senadores em um esfor\u00e7o concentrado antes do per\u00edodo eleitoral. Pautas de forte impacto no Congresso No centro das aten\u00e7\u00f5es est\u00e3o propostas que mexem diretamente com o bolso do trabalhador e o cotidiano da popula\u00e7\u00e3o, com [&hellip;]<\/p>\n","protected":false},"author":0,"featured_media":32315,"comment_status":"open","ping_status":"open","sticky":false,"template":"","format":"standard","meta":{"footnotes":""},"categories":[4],"tags":[],"class_list":["post-32313","post","type-post","status-publish","format-standard","has-post-thumbnail","hentry","category-cidade"],"_links":{"self":[{"href":"https:\/\/acontecenafronteira.com.br\/index.php\/wp-json\/wp\/v2\/posts\/32313","targetHints":{"allow":["GET"]}}],"collection":[{"href":"https:\/\/acontecenafronteira.com.br\/index.php\/wp-json\/wp\/v2\/posts"}],"about":[{"href":"https:\/\/acontecenafronteira.com.br\/index.php\/wp-json\/wp\/v2\/types\/post"}],"replies":[{"embeddable":true,"href":"https:\/\/acontecenafronteira.com.br\/index.php\/wp-json\/wp\/v2\/comments?post=32313"}],"version-history":[{"count":1,"href":"https:\/\/acontecenafronteira.com.br\/index.php\/wp-json\/wp\/v2\/posts\/32313\/revisions"}],"predecessor-version":[{"id":32314,"href":"https:\/\/acontecenafronteira.com.br\/index.php\/wp-json\/wp\/v2\/posts\/32313\/revisions\/32314"}],"wp:featuredmedia":[{"embeddable":true,"href":"https:\/\/acontecenafronteira.com.br\/index.php\/wp-json\/wp\/v2\/media\/32315"}],"wp:attachment":[{"href":"https:\/\/acontecenafronteira.com.br\/index.php\/wp-json\/wp\/v2\/media?parent=32313"}],"wp:term":[{"taxonomy":"category","embeddable":true,"href":"https:\/\/acontecenafronteira.com.br\/index.php\/wp-json\/wp\/v2\/categories?post=32313"},{"taxonomy":"post_tag","embeddable":true,"href":"https:\/\/acontecenafronteira.com.br\/index.php\/wp-json\/wp\/v2\/tags?post=32313"}],"curies":[{"name":"wp","href":"https:\/\/api.w.org\/{rel}","templated":true}]}}