{"id":32298,"date":"2026-08-31T08:37:00","date_gmt":"2026-08-31T11:37:00","guid":{"rendered":"https:\/\/acontecenafronteira.com.br\/?p=32298"},"modified":"2026-08-31T08:37:00","modified_gmt":"2026-08-31T11:37:00","slug":"luciano-carvalho-assume-vaga-de-vereador-em-curitiba","status":"publish","type":"post","link":"https:\/\/acontecenafronteira.com.br\/index.php\/2026\/08\/31\/luciano-carvalho-assume-vaga-de-vereador-em-curitiba\/","title":{"rendered":"Luciano Carvalho assume vaga de vereador em Curitiba"},"content":{"rendered":"<p>A C\u00e2mara Municipal de Curitiba conta com um novo parlamentar a partir desta segunda-feira (31), data em que Luciano Cruz Carvalho, filiado ao Progressistas (PP), assume oficialmente a sua cadeira na casa legislativa durante a sess\u00e3o plen\u00e1ria.<\/p>\n<h2>A chegada do novo parlamentar<\/h2>\n<p>A cerim\u00f4nia de posse marca a entrada do pol\u00edtico na rotina de debates e vota\u00e7\u00f5es do Legislativo municipal, preenchendo a vaga em um momento de movimenta\u00e7\u00e3o importante para a sigla partid\u00e1ria na capital paranaense.<\/p>\n<h2>Expectativas para a atua\u00e7\u00e3o<\/h2>\n<p>Com a oficializa\u00e7\u00e3o do mandato, o novo vereador passa a integrar oficialmente as comiss\u00f5es e frentes de trabalho da casa, trazendo novas pautas e demandas para o centro das discuss\u00f5es da pol\u00edtica curitibana.<\/p>\n<p>A chegada de Luciano Carvalho ao parlamento municipal refor\u00e7a a representatividade do partido e altera a din\u00e2mica das discuss\u00f5es legislativas para o restante do per\u00edodo de sess\u00f5es programadas na capital.<\/p>\n<p>Por Reda\u00e7\u00e3o Acontece<\/p>\n<p>Cr\u00e9ditos da imagem: Divulga\u00e7\u00e3o\/CMC<\/p>\n","protected":false},"excerpt":{"rendered":"<p>A C\u00e2mara Municipal de Curitiba conta com um novo parlamentar a partir desta segunda-feira (31), data em que Luciano Cruz Carvalho, filiado ao Progressistas (PP), assume oficialmente a sua cadeira na casa legislativa durante a sess\u00e3o plen\u00e1ria. A chegada do novo parlamentar A cerim\u00f4nia de posse marca a entrada do pol\u00edtico na rotina de debates [&hellip;]<\/p>\n","protected":false},"author":0,"featured_media":32304,"comment_status":"open","ping_status":"open","sticky":false,"template":"","format":"standard","meta":{"footnotes":""},"categories":[18],"tags":[],"class_list":["post-32298","post","type-post","status-publish","format-standard","has-post-thumbnail","hentry","category-parana"],"_links":{"self":[{"href":"https:\/\/acontecenafronteira.com.br\/index.php\/wp-json\/wp\/v2\/posts\/32298","targetHints":{"allow":["GET"]}}],"collection":[{"href":"https:\/\/acontecenafronteira.com.br\/index.php\/wp-json\/wp\/v2\/posts"}],"about":[{"href":"https:\/\/acontecenafronteira.com.br\/index.php\/wp-json\/wp\/v2\/types\/post"}],"replies":[{"embeddable":true,"href":"https:\/\/acontecenafronteira.com.br\/index.php\/wp-json\/wp\/v2\/comments?post=32298"}],"version-history":[{"count":1,"href":"https:\/\/acontecenafronteira.com.br\/index.php\/wp-json\/wp\/v2\/posts\/32298\/revisions"}],"predecessor-version":[{"id":32303,"href":"https:\/\/acontecenafronteira.com.br\/index.php\/wp-json\/wp\/v2\/posts\/32298\/revisions\/32303"}],"wp:featuredmedia":[{"embeddable":true,"href":"https:\/\/acontecenafronteira.com.br\/index.php\/wp-json\/wp\/v2\/media\/32304"}],"wp:attachment":[{"href":"https:\/\/acontecenafronteira.com.br\/index.php\/wp-json\/wp\/v2\/media?parent=32298"}],"wp:term":[{"taxonomy":"category","embeddable":true,"href":"https:\/\/acontecenafronteira.com.br\/index.php\/wp-json\/wp\/v2\/categories?post=32298"},{"taxonomy":"post_tag","embeddable":true,"href":"https:\/\/acontecenafronteira.com.br\/index.php\/wp-json\/wp\/v2\/tags?post=32298"}],"curies":[{"name":"wp","href":"https:\/\/api.w.org\/{rel}","templated":true}]}}