{"id":32297,"date":"2026-08-31T08:36:58","date_gmt":"2026-08-31T11:36:58","guid":{"rendered":"https:\/\/acontecenafronteira.com.br\/?p=32297"},"modified":"2026-08-31T08:36:58","modified_gmt":"2026-08-31T11:36:58","slug":"mppr-cobra-melhorias-urgentes-em-ubs-de-porto-camargo","status":"publish","type":"post","link":"https:\/\/acontecenafronteira.com.br\/index.php\/2026\/08\/31\/mppr-cobra-melhorias-urgentes-em-ubs-de-porto-camargo\/","title":{"rendered":"MPPR cobra melhorias urgentes em UBS de Porto Camargo"},"content":{"rendered":"<p>O Minist\u00e9rio P\u00fablico do Paran\u00e1 (MPPR) emitiu uma recomenda\u00e7\u00e3o administrativa direcionada \u00e0 Prefeitura de Icara\u00edma, exigindo provid\u00eancias imediatas para sanar falhas estruturais e operacionais na Unidade B\u00e1sica de Sa\u00fade (UBS) do distrito de Porto Camargo.<\/p>\n<h2>Cobran\u00e7a por atendimento digno<\/h2>\n<p>A interven\u00e7\u00e3o do \u00f3rg\u00e3o ministerial visa assegurar que a popula\u00e7\u00e3o local tenha acesso a servi\u00e7os de sa\u00fade p\u00fablica em condi\u00e7\u00f5es adequadas de higiene, seguran\u00e7a e efici\u00eancia. Entre as principais demandas est\u00e3o a regulariza\u00e7\u00e3o no fornecimento de medicamentos essenciais e a manuten\u00e7\u00e3o predial do posto de atendimento.<\/p>\n<h2>Prazos e fiscaliza\u00e7\u00e3o rigorosa<\/h2>\n<p>A administra\u00e7\u00e3o municipal recebeu um prazo estipulado para responder aos questionamentos e apresentar um cronograma detalhado de execu\u00e7\u00e3o das melhorias exigidas pelo Minist\u00e9rio P\u00fablico. O cumprimento das medidas ser\u00e1 monitorado de perto pelas autoridades competentes.<\/p>\n<p>Caso as recomenda\u00e7\u00f5es n\u00e3o sejam atendidas no per\u00edodo determinado, o \u00f3rg\u00e3o fiscalizador poder\u00e1 adotar medidas judiciais cab\u00edveis para responsabilizar a gest\u00e3o municipal e compelir a execu\u00e7\u00e3o das obras e adequa\u00e7\u00f5es necess\u00e1rias na unidade de sa\u00fade.<\/p>\n<p>A iniciativa refor\u00e7a o papel fiscalizador das institui\u00e7\u00f5es na defesa dos direitos fundamentais dos cidad\u00e3os, com foco especial na garantia do acesso universal e humanizado \u00e0 sa\u00fade p\u00fablica nos munic\u00edpios do interior paranaense.<\/p>\n<p>Por Reda\u00e7\u00e3o Acontece<\/p>\n<p>Cr\u00e9ditos da imagem: Divulga\u00e7\u00e3o \/ MPPR<\/p>\n","protected":false},"excerpt":{"rendered":"<p>O Minist\u00e9rio P\u00fablico do Paran\u00e1 (MPPR) emitiu uma recomenda\u00e7\u00e3o administrativa direcionada \u00e0 Prefeitura de Icara\u00edma, exigindo provid\u00eancias imediatas para sanar falhas estruturais e operacionais na Unidade B\u00e1sica de Sa\u00fade (UBS) do distrito de Porto Camargo. Cobran\u00e7a por atendimento digno A interven\u00e7\u00e3o do \u00f3rg\u00e3o ministerial visa assegurar que a popula\u00e7\u00e3o local tenha acesso a servi\u00e7os de [&hellip;]<\/p>\n","protected":false},"author":0,"featured_media":32302,"comment_status":"open","ping_status":"open","sticky":false,"template":"","format":"standard","meta":{"footnotes":""},"categories":[18],"tags":[],"class_list":["post-32297","post","type-post","status-publish","format-standard","has-post-thumbnail","hentry","category-parana"],"_links":{"self":[{"href":"https:\/\/acontecenafronteira.com.br\/index.php\/wp-json\/wp\/v2\/posts\/32297","targetHints":{"allow":["GET"]}}],"collection":[{"href":"https:\/\/acontecenafronteira.com.br\/index.php\/wp-json\/wp\/v2\/posts"}],"about":[{"href":"https:\/\/acontecenafronteira.com.br\/index.php\/wp-json\/wp\/v2\/types\/post"}],"replies":[{"embeddable":true,"href":"https:\/\/acontecenafronteira.com.br\/index.php\/wp-json\/wp\/v2\/comments?post=32297"}],"version-history":[{"count":1,"href":"https:\/\/acontecenafronteira.com.br\/index.php\/wp-json\/wp\/v2\/posts\/32297\/revisions"}],"predecessor-version":[{"id":32301,"href":"https:\/\/acontecenafronteira.com.br\/index.php\/wp-json\/wp\/v2\/posts\/32297\/revisions\/32301"}],"wp:featuredmedia":[{"embeddable":true,"href":"https:\/\/acontecenafronteira.com.br\/index.php\/wp-json\/wp\/v2\/media\/32302"}],"wp:attachment":[{"href":"https:\/\/acontecenafronteira.com.br\/index.php\/wp-json\/wp\/v2\/media?parent=32297"}],"wp:term":[{"taxonomy":"category","embeddable":true,"href":"https:\/\/acontecenafronteira.com.br\/index.php\/wp-json\/wp\/v2\/categories?post=32297"},{"taxonomy":"post_tag","embeddable":true,"href":"https:\/\/acontecenafronteira.com.br\/index.php\/wp-json\/wp\/v2\/tags?post=32297"}],"curies":[{"name":"wp","href":"https:\/\/api.w.org\/{rel}","templated":true}]}}