{"id":32296,"date":"2026-08-31T08:36:55","date_gmt":"2026-08-31T11:36:55","guid":{"rendered":"https:\/\/acontecenafronteira.com.br\/?p=32296"},"modified":"2026-08-31T08:36:55","modified_gmt":"2026-08-31T11:36:55","slug":"avalanche-no-nepal-mais-de-900-mortes-e-tuneis-bloqueados","status":"publish","type":"post","link":"https:\/\/acontecenafronteira.com.br\/index.php\/2026\/08\/31\/avalanche-no-nepal-mais-de-900-mortes-e-tuneis-bloqueados\/","title":{"rendered":"Avalanche no Nepal: mais de 900 mortes e t\u00faneis bloqueados"},"content":{"rendered":"<p>As equipes de resgate intensificaram nesta segunda-feira (31) as buscas por centenas de trabalhadores que continuam presos no interior de t\u00faneis de projetos hidrel\u00e9tricos no Nepal, ap\u00f3s uma devastadora avalanche que j\u00e1 causou mais de 900 mortes no pa\u00eds asi\u00e1tico.<\/p>\n<h2>Opera\u00e7\u00e3o de socorro mobiliza autoridades<\/h2>\n<p>A for\u00e7a-tarefa de salvamento foi refor\u00e7ada para tentar alcan\u00e7ar as galerias subterr\u00e2neas afetadas pelo desastre natural. A prioridade das autoridades locais \u00e9 localizar sobreviventes que ficaram isolados na estrutura dos complexos de energia na regi\u00e3o montanhosa.<\/p>\n<h2>Impacto da trag\u00e9dia e danos estruturais<\/h2>\n<p>O volume impressionante de neve e gelo que desabou sobre os canteiros de obras causou graves danos \u00e0 infraestrutura local, dificultando o acesso terrestre das equipes de emerg\u00eancia e exigindo o uso de equipamentos pesados para a remo\u00e7\u00e3o dos detritos.<\/p>\n<p>A cat\u00e1strofe pegou oper\u00e1rios e moradores de surpresa, gerando uma como\u00e7\u00e3o internacional e uma corrida contra o tempo para prestar atendimento m\u00e9dico aos feridos resgatados dos escombros.<\/p>\n<p>O governo nepal\u00eas continua coordenando os esfor\u00e7os de socorro enquanto balan\u00e7os oficiais atualizam o n\u00famero de v\u00edtimas, marcando um dos epis\u00f3dios mais tr\u00e1gicos relacionados a desastres clim\u00e1ticos na hist\u00f3ria recente da regi\u00e3o.<\/p>\n<p>Por Reda\u00e7\u00e3o Acontece<\/p>\n<p>Cr\u00e9ditos da imagem: Divulga\u00e7\u00e3o\/Resgate Nepal<\/p>\n","protected":false},"excerpt":{"rendered":"<p>As equipes de resgate intensificaram nesta segunda-feira (31) as buscas por centenas de trabalhadores que continuam presos no interior de t\u00faneis de projetos hidrel\u00e9tricos no Nepal, ap\u00f3s uma devastadora avalanche que j\u00e1 causou mais de 900 mortes no pa\u00eds asi\u00e1tico. Opera\u00e7\u00e3o de socorro mobiliza autoridades A for\u00e7a-tarefa de salvamento foi refor\u00e7ada para tentar alcan\u00e7ar as [&hellip;]<\/p>\n","protected":false},"author":0,"featured_media":32300,"comment_status":"open","ping_status":"open","sticky":false,"template":"","format":"standard","meta":{"footnotes":""},"categories":[18],"tags":[],"class_list":["post-32296","post","type-post","status-publish","format-standard","has-post-thumbnail","hentry","category-parana"],"_links":{"self":[{"href":"https:\/\/acontecenafronteira.com.br\/index.php\/wp-json\/wp\/v2\/posts\/32296","targetHints":{"allow":["GET"]}}],"collection":[{"href":"https:\/\/acontecenafronteira.com.br\/index.php\/wp-json\/wp\/v2\/posts"}],"about":[{"href":"https:\/\/acontecenafronteira.com.br\/index.php\/wp-json\/wp\/v2\/types\/post"}],"replies":[{"embeddable":true,"href":"https:\/\/acontecenafronteira.com.br\/index.php\/wp-json\/wp\/v2\/comments?post=32296"}],"version-history":[{"count":1,"href":"https:\/\/acontecenafronteira.com.br\/index.php\/wp-json\/wp\/v2\/posts\/32296\/revisions"}],"predecessor-version":[{"id":32299,"href":"https:\/\/acontecenafronteira.com.br\/index.php\/wp-json\/wp\/v2\/posts\/32296\/revisions\/32299"}],"wp:featuredmedia":[{"embeddable":true,"href":"https:\/\/acontecenafronteira.com.br\/index.php\/wp-json\/wp\/v2\/media\/32300"}],"wp:attachment":[{"href":"https:\/\/acontecenafronteira.com.br\/index.php\/wp-json\/wp\/v2\/media?parent=32296"}],"wp:term":[{"taxonomy":"category","embeddable":true,"href":"https:\/\/acontecenafronteira.com.br\/index.php\/wp-json\/wp\/v2\/categories?post=32296"},{"taxonomy":"post_tag","embeddable":true,"href":"https:\/\/acontecenafronteira.com.br\/index.php\/wp-json\/wp\/v2\/tags?post=32296"}],"curies":[{"name":"wp","href":"https:\/\/api.w.org\/{rel}","templated":true}]}}