{"id":32287,"date":"2026-08-31T08:36:47","date_gmt":"2026-08-31T11:36:47","guid":{"rendered":"https:\/\/acontecenafronteira.com.br\/?p=32287"},"modified":"2026-08-31T08:36:47","modified_gmt":"2026-08-31T11:36:47","slug":"acidente-entre-caminhoes-bloqueia-br-116-e-causa-incendio","status":"publish","type":"post","link":"https:\/\/acontecenafronteira.com.br\/index.php\/2026\/08\/31\/acidente-entre-caminhoes-bloqueia-br-116-e-causa-incendio\/","title":{"rendered":"Acidente entre caminh\u00f5es bloqueia BR-116 e causa inc\u00eandio"},"content":{"rendered":"<p>Uma colis\u00e3o envolvendo dois caminh\u00f5es provocou a interdi\u00e7\u00e3o total da <strong>BR-116<\/strong>, situada em Campina Grande do Sul, na Regi\u00e3o Metropolitana de Curitiba, durante a manh\u00e3 desta segunda-feira (31). O impacto resultou em um princ\u00edpio de inc\u00eandio e deixou o tr\u00e1fego paralisado no sentido \u00e0 capital paranaense.<\/p>\n<h2>Ocorr\u00eancia sem v\u00edtimas e ve\u00edculos destru\u00eddos<\/h2>\n<p>O acidente foi registrado especificamente no quil\u00f4metro 44 da malha rodovi\u00e1ria. Conforme os levantamentos iniciais da <strong>Pol\u00edcia Rodovi\u00e1ria Federal (PRF)<\/strong>, apesar da viol\u00eancia do impacto e da gravidade da cena, nenhuma das pessoas envolvidas sofreu ferimentos.<\/p>\n<p>Com a for\u00e7a da batida, um dos caminh\u00f5es ficou imobilizado sobre a pista de rolamento, enquanto o segundo ve\u00edculo de carga acabou despencando em uma ribanceira \u00e0s margens da rodovia.<\/p>\n<h2>Inc\u00eandio na cabine e bloqueio da pista<\/h2>\n<p>Logo ap\u00f3s o choque entre os ve\u00edculos, as chamas tomaram conta da cabine de um dos caminh\u00f5es. Devido ao fogo e \u00e0 necessidade de atua\u00e7\u00e3o das equipes de resgate e combate \u00e0s chamas, a <strong>PRF<\/strong> determinou o fechamento completo da rodovia no trecho afetado, gerando longas filas de congestionamento.<\/p>\n<p>As equipes de atendimento continuam mobilizadas no local para realizar a limpeza da pista, o rescaldo e a posterior remo\u00e7\u00e3o dos ve\u00edculos pesados, visando restabelecer a seguran\u00e7a e o fluxo normal de ve\u00edculos na regi\u00e3o metropolitana.<\/p>\n<p>Por Reda\u00e7\u00e3o Acontece<\/p>\n<p>Foto: Divulga\u00e7\u00e3o\/PRF<\/p>\n","protected":false},"excerpt":{"rendered":"<p>Uma colis\u00e3o envolvendo dois caminh\u00f5es provocou a interdi\u00e7\u00e3o total da BR-116, situada em Campina Grande do Sul, na Regi\u00e3o Metropolitana de Curitiba, durante a manh\u00e3 desta segunda-feira (31). O impacto resultou em um princ\u00edpio de inc\u00eandio e deixou o tr\u00e1fego paralisado no sentido \u00e0 capital paranaense. Ocorr\u00eancia sem v\u00edtimas e ve\u00edculos destru\u00eddos O acidente foi [&hellip;]<\/p>\n","protected":false},"author":0,"featured_media":32294,"comment_status":"open","ping_status":"open","sticky":false,"template":"","format":"standard","meta":{"footnotes":""},"categories":[18],"tags":[],"class_list":["post-32287","post","type-post","status-publish","format-standard","has-post-thumbnail","hentry","category-parana"],"_links":{"self":[{"href":"https:\/\/acontecenafronteira.com.br\/index.php\/wp-json\/wp\/v2\/posts\/32287","targetHints":{"allow":["GET"]}}],"collection":[{"href":"https:\/\/acontecenafronteira.com.br\/index.php\/wp-json\/wp\/v2\/posts"}],"about":[{"href":"https:\/\/acontecenafronteira.com.br\/index.php\/wp-json\/wp\/v2\/types\/post"}],"replies":[{"embeddable":true,"href":"https:\/\/acontecenafronteira.com.br\/index.php\/wp-json\/wp\/v2\/comments?post=32287"}],"version-history":[{"count":1,"href":"https:\/\/acontecenafronteira.com.br\/index.php\/wp-json\/wp\/v2\/posts\/32287\/revisions"}],"predecessor-version":[{"id":32293,"href":"https:\/\/acontecenafronteira.com.br\/index.php\/wp-json\/wp\/v2\/posts\/32287\/revisions\/32293"}],"wp:featuredmedia":[{"embeddable":true,"href":"https:\/\/acontecenafronteira.com.br\/index.php\/wp-json\/wp\/v2\/media\/32294"}],"wp:attachment":[{"href":"https:\/\/acontecenafronteira.com.br\/index.php\/wp-json\/wp\/v2\/media?parent=32287"}],"wp:term":[{"taxonomy":"category","embeddable":true,"href":"https:\/\/acontecenafronteira.com.br\/index.php\/wp-json\/wp\/v2\/categories?post=32287"},{"taxonomy":"post_tag","embeddable":true,"href":"https:\/\/acontecenafronteira.com.br\/index.php\/wp-json\/wp\/v2\/tags?post=32287"}],"curies":[{"name":"wp","href":"https:\/\/api.w.org\/{rel}","templated":true}]}}