{"id":32285,"date":"2026-08-31T08:36:37","date_gmt":"2026-08-31T11:36:37","guid":{"rendered":"https:\/\/acontecenafronteira.com.br\/?p=32285"},"modified":"2026-08-31T08:36:37","modified_gmt":"2026-08-31T11:36:37","slug":"turista-morta-por-raio-em-praia-de-sc-e-identificada","status":"publish","type":"post","link":"https:\/\/acontecenafronteira.com.br\/index.php\/2026\/08\/31\/turista-morta-por-raio-em-praia-de-sc-e-identificada\/","title":{"rendered":"Turista morta por raio em praia de SC \u00e9 identificada"},"content":{"rendered":"<p>Endinara Arezze, de 39 anos, \u00e9 a turista natural de Caxias do Sul (RS) que faleceu ap\u00f3s ser atingida por uma descarga el\u00e9trica na Praia da Pinheira, localizada em Palho\u00e7a, na Regi\u00e3o Metropolitana de Florian\u00f3polis.<\/p>\n<h2>Din\u00e2mica da trag\u00e9dia no litoral catarinense<\/h2>\n<p>O incidente ocorreu na tarde de sexta-feira (28), quando a v\u00edtima passeava pela faixa de areia na companhia de seu parceiro. Uma tempestade surpreendeu a regi\u00e3o e o raio atingiu diretamente o local onde a mulher caminhava, enquanto seu companheiro saiu ileso. C\u00e2meras de seguran\u00e7a instaladas nas proximidades registraram o momento exato do impacto.<\/p>\n<h2>Tentativas de salvamento e atendimento m\u00e9dico<\/h2>\n<p>Imediatamente ap\u00f3s a descarga el\u00e9trica, populares e o pr\u00f3prio parceiro iniciaram os procedimentos de socorro na areia da praia. Quando o Corpo de Bombeiros chegou ao local, Endinara estava sem pulso e inconsciente, apresentando les\u00f5es de queimadura compat\u00edveis com a entrada e sa\u00edda da eletricidade no corpo.<\/p>\n<p>Os socorristas assumiram as manobras de reanima\u00e7\u00e3o cardiopulmonar e transportaram a v\u00edtima para a UPA do Sonho, tamb\u00e9m em Palho\u00e7a. Dentro da ambul\u00e2ncia, a equipe aplicou tr\u00eas choques com um desfibrilador e, j\u00e1 na unidade de sa\u00fade, os m\u00e9dicos conseguiram reverter temporariamente a parada cardiorrespirat\u00f3ria.<\/p>\n<p>Endinara precisou ser entubada no in\u00edcio da noite e foi transferida em estado grav\u00edssimo para o Hospital Regional de S\u00e3o Jos\u00e9. Apesar de todos os esfor\u00e7os e do suporte avan\u00e7ado de vida, a mulher n\u00e3o resistiu aos ferimentos e veio a \u00f3bito na manh\u00e3 de s\u00e1bado (29).<\/p>\n<p>Por Reda\u00e7\u00e3o Acontece<\/p>\n<p>Imagem: Reprodu\u00e7\u00e3o \/ Redes Sociais<\/p>\n","protected":false},"excerpt":{"rendered":"<p>Endinara Arezze, de 39 anos, \u00e9 a turista natural de Caxias do Sul (RS) que faleceu ap\u00f3s ser atingida por uma descarga el\u00e9trica na Praia da Pinheira, localizada em Palho\u00e7a, na Regi\u00e3o Metropolitana de Florian\u00f3polis. Din\u00e2mica da trag\u00e9dia no litoral catarinense O incidente ocorreu na tarde de sexta-feira (28), quando a v\u00edtima passeava pela faixa [&hellip;]<\/p>\n","protected":false},"author":0,"featured_media":32290,"comment_status":"open","ping_status":"open","sticky":false,"template":"","format":"standard","meta":{"footnotes":""},"categories":[18],"tags":[],"class_list":["post-32285","post","type-post","status-publish","format-standard","has-post-thumbnail","hentry","category-parana"],"_links":{"self":[{"href":"https:\/\/acontecenafronteira.com.br\/index.php\/wp-json\/wp\/v2\/posts\/32285","targetHints":{"allow":["GET"]}}],"collection":[{"href":"https:\/\/acontecenafronteira.com.br\/index.php\/wp-json\/wp\/v2\/posts"}],"about":[{"href":"https:\/\/acontecenafronteira.com.br\/index.php\/wp-json\/wp\/v2\/types\/post"}],"replies":[{"embeddable":true,"href":"https:\/\/acontecenafronteira.com.br\/index.php\/wp-json\/wp\/v2\/comments?post=32285"}],"version-history":[{"count":1,"href":"https:\/\/acontecenafronteira.com.br\/index.php\/wp-json\/wp\/v2\/posts\/32285\/revisions"}],"predecessor-version":[{"id":32289,"href":"https:\/\/acontecenafronteira.com.br\/index.php\/wp-json\/wp\/v2\/posts\/32285\/revisions\/32289"}],"wp:featuredmedia":[{"embeddable":true,"href":"https:\/\/acontecenafronteira.com.br\/index.php\/wp-json\/wp\/v2\/media\/32290"}],"wp:attachment":[{"href":"https:\/\/acontecenafronteira.com.br\/index.php\/wp-json\/wp\/v2\/media?parent=32285"}],"wp:term":[{"taxonomy":"category","embeddable":true,"href":"https:\/\/acontecenafronteira.com.br\/index.php\/wp-json\/wp\/v2\/categories?post=32285"},{"taxonomy":"post_tag","embeddable":true,"href":"https:\/\/acontecenafronteira.com.br\/index.php\/wp-json\/wp\/v2\/tags?post=32285"}],"curies":[{"name":"wp","href":"https:\/\/api.w.org\/{rel}","templated":true}]}}