{"id":32271,"date":"2026-08-31T07:36:27","date_gmt":"2026-08-31T10:36:27","guid":{"rendered":"https:\/\/acontecenafronteira.com.br\/?p=32271"},"modified":"2026-08-31T07:36:27","modified_gmt":"2026-08-31T10:36:27","slug":"djokovic-chora-passa-mal-e-e-eliminado-na-estreia-do-us-open","status":"publish","type":"post","link":"https:\/\/acontecenafronteira.com.br\/index.php\/2026\/08\/31\/djokovic-chora-passa-mal-e-e-eliminado-na-estreia-do-us-open\/","title":{"rendered":"Djokovic chora, passa mal e \u00e9 eliminado na estreia do US Open"},"content":{"rendered":"<p>Uma marca hist\u00f3rica de duas d\u00e9cadas foi quebrada no final da noite deste domingo (30\/8) no US Open. O tenista Novak Djokovic foi eliminado na estreia do torneio ap\u00f3s uma exaustiva batalha de 4 horas e 36 minutos contra o argentino Mariano Navone, com placar de 3 sets a 2, com parciais de 7\/6(5), 5\/7, 4\/6, 6\/2 e 6\/1, frustrando o sonho do 25\u00ba t\u00edtulo de Grand Slam.<\/p>\n<h2>O fim de um longo jejum nos torneios principais<\/h2>\n<p>Essa foi a primeira vez desde o Australian Open de 2006 que o atleta s\u00e9rvio se despede de um dos quatro principais campeonatos do circuito mundial logo na primeira rodada. Tratando-se especificamente do US Open, o rev\u00e9s representa a sua sa\u00edda mais precoce em 20 participa\u00e7\u00f5es na hist\u00f3ria do torneio estadunidense.<\/p>\n<h2>Problemas f\u00edsicos e desgaste em quadra<\/h2>\n<p>Durante o confronto, a condi\u00e7\u00e3o f\u00edsica de Djokovic chamou aten\u00e7\u00e3o e gerou preocupa\u00e7\u00e3o. O ex-l\u00edder do ranking mundial chegou a passar mal, vomitou no piso da quadra e lidou diretamente com fortes dores no ombro e epis\u00f3dios severos de c\u00e3ibras, chegando a chorar devido ao desgaste extremo.<\/p>\n<p>A partida teve in\u00edcio com grande equil\u00edbrio entre os atletas. O tenista sul-americano faturou a primeira parcial no tie-break, mas o s\u00e9rvio reagiu na sequ\u00eancia, imp\u00f4s seu ritmo e obteve a virada ao vencer o segundo e o terceiro sets.<\/p>\n<h2>A rea\u00e7\u00e3o do advers\u00e1rio e o colapso f\u00edsico<\/h2>\n<p>Contudo, a din\u00e2mica mudou drasticamente a partir da quarta etapa. Embora tenha iniciado com vantagem, o multicampe\u00e3o perdeu intensidade, permitindo a recupera\u00e7\u00e3o de Navone, que fechou a parcial e empatou o jogo.<\/p>\n<p>No set desempate, a situa\u00e7\u00e3o f\u00edsica do favorito se agravou visivelmente. Al\u00e9m de chorar em quadra devido \u00e0s limita\u00e7\u00f5es do corpo, ele assistiu o oponente dominar completamente as a\u00e7\u00f5es para fechar a disputa com um contundente 6\/1.<\/p>\n<p>Em entrevista ap\u00f3s a partida, o atleta admitiu que o mal-estar n\u00e3o foi um caso isolado e revelou que vem sofrendo com limita\u00e7\u00f5es f\u00edsicas recorrentes ao longo de toda a atual temporada.<\/p>\n<p>O desgaste acumulado gerou uma situa\u00e7\u00e3o limite na carreira do tenista. &#8220;Foi uma sensa\u00e7\u00e3o horr\u00edvel em quadra. \u00c9 algo que, infelizmente, tenho carregado em praticamente todas as partidas deste ano. Vomitar, ter um problema s\u00e9rio ali. Depois meu corpo inteiro come\u00e7a a entrar em colapso, basicamente com c\u00e3ibras e dor&#8221;, pontuou o s\u00e9rvio ap\u00f3s o rev\u00e9s hist\u00f3rico.<\/p>\n<p>Por Reda\u00e7\u00e3o Acontece<\/p>\n<p>Foto: Divulga\u00e7\u00e3o \/ US Open<\/p>\n","protected":false},"excerpt":{"rendered":"<p>Uma marca hist\u00f3rica de duas d\u00e9cadas foi quebrada no final da noite deste domingo (30\/8) no US Open. O tenista Novak Djokovic foi eliminado na estreia do torneio ap\u00f3s uma exaustiva batalha de 4 horas e 36 minutos contra o argentino Mariano Navone, com placar de 3 sets a 2, com parciais de 7\/6(5), 5\/7, [&hellip;]<\/p>\n","protected":false},"author":0,"featured_media":32277,"comment_status":"open","ping_status":"open","sticky":false,"template":"","format":"standard","meta":{"footnotes":""},"categories":[6],"tags":[],"class_list":["post-32271","post","type-post","status-publish","format-standard","has-post-thumbnail","hentry","category-mercosul"],"_links":{"self":[{"href":"https:\/\/acontecenafronteira.com.br\/index.php\/wp-json\/wp\/v2\/posts\/32271","targetHints":{"allow":["GET"]}}],"collection":[{"href":"https:\/\/acontecenafronteira.com.br\/index.php\/wp-json\/wp\/v2\/posts"}],"about":[{"href":"https:\/\/acontecenafronteira.com.br\/index.php\/wp-json\/wp\/v2\/types\/post"}],"replies":[{"embeddable":true,"href":"https:\/\/acontecenafronteira.com.br\/index.php\/wp-json\/wp\/v2\/comments?post=32271"}],"version-history":[{"count":1,"href":"https:\/\/acontecenafronteira.com.br\/index.php\/wp-json\/wp\/v2\/posts\/32271\/revisions"}],"predecessor-version":[{"id":32276,"href":"https:\/\/acontecenafronteira.com.br\/index.php\/wp-json\/wp\/v2\/posts\/32271\/revisions\/32276"}],"wp:featuredmedia":[{"embeddable":true,"href":"https:\/\/acontecenafronteira.com.br\/index.php\/wp-json\/wp\/v2\/media\/32277"}],"wp:attachment":[{"href":"https:\/\/acontecenafronteira.com.br\/index.php\/wp-json\/wp\/v2\/media?parent=32271"}],"wp:term":[{"taxonomy":"category","embeddable":true,"href":"https:\/\/acontecenafronteira.com.br\/index.php\/wp-json\/wp\/v2\/categories?post=32271"},{"taxonomy":"post_tag","embeddable":true,"href":"https:\/\/acontecenafronteira.com.br\/index.php\/wp-json\/wp\/v2\/tags?post=32271"}],"curies":[{"name":"wp","href":"https:\/\/api.w.org\/{rel}","templated":true}]}}