{"id":32270,"date":"2026-08-31T07:36:22","date_gmt":"2026-08-31T10:36:22","guid":{"rendered":"https:\/\/acontecenafronteira.com.br\/?p=32270"},"modified":"2026-08-31T07:36:22","modified_gmt":"2026-08-31T10:36:22","slug":"marroquino-em-situacao-de-rua-e-preso-apos-incendio-no-df","status":"publish","type":"post","link":"https:\/\/acontecenafronteira.com.br\/index.php\/2026\/08\/31\/marroquino-em-situacao-de-rua-e-preso-apos-incendio-no-df\/","title":{"rendered":"Marroquino em situa\u00e7\u00e3o de rua \u00e9 preso ap\u00f3s inc\u00eandio no DF"},"content":{"rendered":"<p>Um homem de nacionalidade marroquina, que vive em situa\u00e7\u00e3o de rua e n\u00e3o teve a identidade divulgada, foi preso pela Pol\u00edcia Militar do Distrito Federal (PMDF) neste domingo (30\/8). A deten\u00e7\u00e3o ocorreu ap\u00f3s um inc\u00eandio atingir a marquise de um estabelecimento comercial na regi\u00e3o administrativa do Parano\u00e1.<\/p>\n<h2>O in\u00edcio das chamas na regi\u00e3o administrativa<\/h2>\n<p>As primeiras informa\u00e7\u00f5es levantadas pelas autoridades apontam que o fogo teve in\u00edcio em um colch\u00e3o. A suspeita \u00e9 de que o incidente tenha sido provocado por um cigarro deixado aceso sobre o objeto, localizado na parte externa em frente ao Restaurante Tropic\u00e1lia.<\/p>\n<h2>Atendimento da ocorr\u00eancia e barreiras de comunica\u00e7\u00e3o<\/h2>\n<p>Apesar do susto e da r\u00e1pida propaga\u00e7\u00e3o da fuma\u00e7a, as equipes de seguran\u00e7a conseguiram controlar as chamas prontamente, registrando apenas danos materiais e nenhum ferido. O suspeito foi imediatamente conduzido \u00e0 6\u00aa Delegacia de Pol\u00edcia, situada no pr\u00f3prio Parano\u00e1.<\/p>\n<p>Durante os procedimentos na unidade policial, os agentes notaram que o estrangeiro apresentava barreiras severas de comunica\u00e7\u00e3o. Ele se expressava apenas em franc\u00eas e em um dialeto nativo que permaneceu n\u00e3o identificado pelas autoridades presentes.<\/p>\n<h2>Estado psicol\u00f3gico e confus\u00e3o paralela<\/h2>\n<p>De acordo com relatos de testemunhas que acompanharam o caso, o marroquino exibe sinais de poss\u00edvel transtorno mental e aparentava estar sob o efeito de subst\u00e2ncias entorpecentes no instante em que o fogo come\u00e7ou na marquise.<\/p>\n<p>O atendimento \u00e0 ocorr\u00eancia ainda foi marcado por um momento de tens\u00e3o adicional quando outro morador de rua, totalmente desconectado do inc\u00eandio inicial, tentou se jogar contra as chamas ativas e precisou ser contido pelos policiais militares com o uso de uma arma de choque taser.<\/p>\n<p>O caso segue sob investiga\u00e7\u00e3o das autoridades competentes para esclarecer todos os detalhes acerca do incidente e da situa\u00e7\u00e3o legal do estrangeiro no pa\u00eds.<\/p>\n<p>Por Reda\u00e7\u00e3o Acontece<\/p>\n<p>Cr\u00e9ditos da imagem: PMDF \/ Divulga\u00e7\u00e3o<\/p>\n","protected":false},"excerpt":{"rendered":"<p>Um homem de nacionalidade marroquina, que vive em situa\u00e7\u00e3o de rua e n\u00e3o teve a identidade divulgada, foi preso pela Pol\u00edcia Militar do Distrito Federal (PMDF) neste domingo (30\/8). A deten\u00e7\u00e3o ocorreu ap\u00f3s um inc\u00eandio atingir a marquise de um estabelecimento comercial na regi\u00e3o administrativa do Parano\u00e1. O in\u00edcio das chamas na regi\u00e3o administrativa As [&hellip;]<\/p>\n","protected":false},"author":0,"featured_media":32275,"comment_status":"open","ping_status":"open","sticky":false,"template":"","format":"standard","meta":{"footnotes":""},"categories":[6],"tags":[],"class_list":["post-32270","post","type-post","status-publish","format-standard","has-post-thumbnail","hentry","category-mercosul"],"_links":{"self":[{"href":"https:\/\/acontecenafronteira.com.br\/index.php\/wp-json\/wp\/v2\/posts\/32270","targetHints":{"allow":["GET"]}}],"collection":[{"href":"https:\/\/acontecenafronteira.com.br\/index.php\/wp-json\/wp\/v2\/posts"}],"about":[{"href":"https:\/\/acontecenafronteira.com.br\/index.php\/wp-json\/wp\/v2\/types\/post"}],"replies":[{"embeddable":true,"href":"https:\/\/acontecenafronteira.com.br\/index.php\/wp-json\/wp\/v2\/comments?post=32270"}],"version-history":[{"count":1,"href":"https:\/\/acontecenafronteira.com.br\/index.php\/wp-json\/wp\/v2\/posts\/32270\/revisions"}],"predecessor-version":[{"id":32274,"href":"https:\/\/acontecenafronteira.com.br\/index.php\/wp-json\/wp\/v2\/posts\/32270\/revisions\/32274"}],"wp:featuredmedia":[{"embeddable":true,"href":"https:\/\/acontecenafronteira.com.br\/index.php\/wp-json\/wp\/v2\/media\/32275"}],"wp:attachment":[{"href":"https:\/\/acontecenafronteira.com.br\/index.php\/wp-json\/wp\/v2\/media?parent=32270"}],"wp:term":[{"taxonomy":"category","embeddable":true,"href":"https:\/\/acontecenafronteira.com.br\/index.php\/wp-json\/wp\/v2\/categories?post=32270"},{"taxonomy":"post_tag","embeddable":true,"href":"https:\/\/acontecenafronteira.com.br\/index.php\/wp-json\/wp\/v2\/tags?post=32270"}],"curies":[{"name":"wp","href":"https:\/\/api.w.org\/{rel}","templated":true}]}}