{"id":32261,"date":"2026-08-31T07:36:17","date_gmt":"2026-08-31T10:36:17","guid":{"rendered":"https:\/\/acontecenafronteira.com.br\/?p=32261"},"modified":"2026-08-31T07:36:17","modified_gmt":"2026-08-31T10:36:17","slug":"han-hak-ja-lider-da-igreja-da-unificacao-e-condenada-na-coreia","status":"publish","type":"post","link":"https:\/\/acontecenafronteira.com.br\/index.php\/2026\/08\/31\/han-hak-ja-lider-da-igreja-da-unificacao-e-condenada-na-coreia\/","title":{"rendered":"Han Hak-ja: l\u00edder da Igreja da Unifica\u00e7\u00e3o \u00e9 condenada na Coreia"},"content":{"rendered":"<p>A Justi\u00e7a da Coreia do Sul condenou nesta sexta-feira Han Hak-ja, principal figura \u00e0 frente da <strong>Igreja da Unifica\u00e7\u00e3o<\/strong>, a uma pena de dois anos de reclus\u00e3o. A decis\u00e3o proferida em Seul decorre de acusa\u00e7\u00f5es formais envolvendo o direcionamento de recursos financeiros ilegais para a esfera pol\u00edtica e atos de corrup\u00e7\u00e3o.<\/p>\n<h2>Quem \u00e9 Han Hak-ja<\/h2>\n<p>A religiosa de 83 anos comanda a institui\u00e7\u00e3o religiosa desde 2012, ano em que faleceu o seu c\u00f4njuge e criador do movimento, o reverendo Sun Myung Moon. No cotidiano da comunidade de fi\u00e9is, ela \u00e9 reverenciada sob a alcunha de <strong>verdadeira m\u00e3e<\/strong>.<\/p>\n<p>Custodiada preventivamente desde setembro de 2025, a r\u00e9 teve sua perman\u00eancia em c\u00e1rcere mantida pelo entendimento judicial de que a liberdade poderia comprometer a integridade das investiga\u00e7\u00f5es pela poss\u00edvel elimina\u00e7\u00e3o de vest\u00edgios probat\u00f3rios.<\/p>\n<h2>Esquema de suborno e presentes de luxo<\/h2>\n<p>De acordo com o apurado pelas autoridades judiciais, o processo teve in\u00edcio a partir da deten\u00e7\u00e3o de Kim Keon Hee, ex-primeira-dama e esposa do ex-presidente deposto Yoon Suk Yeol, acusada de aceitar mimos dispendiosos. O epicentro da acusa\u00e7\u00e3o recai sobre a entrega de duas bolsas da marca Chanel e um colar de alto valor em diamantes.<\/p>\n<p>As apura\u00e7\u00f5es apontam que a dirigente religiosa teria apropriado-se indevidamente de verbas da organiza\u00e7\u00e3o \u2014 formalmente denominada Federa\u00e7\u00e3o das Fam\u00edlias para a Paz Mundial e Unifica\u00e7\u00e3o \u2014 com o prop\u00f3sito de assegurar vantagens corporativas. Isso incluiu o repasse de 72 mil d\u00f3lares \u00e0 ent\u00e3o esposa de Yoon antes do pleito presidencial de 2022.<\/p>\n<h2>Defesa e hist\u00f3rico do movimento espiritual<\/h2>\n<p>Durante todo o processo, a acusada refutou categoricamente os il\u00edcitos imputados, questionando publicamente a motiva\u00e7\u00e3o dos atos. A institui\u00e7\u00e3o religiosa corroborou a vers\u00e3o, classificando o montante transferido como uma mera lembran\u00e7a festiva t\u00edpica das comemora\u00e7\u00f5es de Ano Novo no pa\u00eds, negando qualquer articula\u00e7\u00e3o direta da l\u00edder com os esc\u00e2ndalos envolvendo a ex-primeira-dama.<\/p>\n<p>Fundada em solo sul-coreano em 1954, a congrega\u00e7\u00e3o expandiu-se globalmente, administrando conglomerados empresariais e notabilizando-se por cerim\u00f4nias matrimoniais coletivas em larga escala. Recentemente, a organiza\u00e7\u00e3o acumulou esc\u00e2ndalos geopol\u00edticos, destacando-se o fechamento de sua base no Jap\u00e3o na sequ\u00eancia do atentado fatal contra o ex-premi\u00ea Shinzo Abe, motivado por m\u00e1goas financeiras de um seguidor contra o grupo.<\/p>\n<p>Por Reda\u00e7\u00e3o Acontece<\/p>\n<p>Jung Yeon-je \/ AFP<\/p>\n","protected":false},"excerpt":{"rendered":"<p>A Justi\u00e7a da Coreia do Sul condenou nesta sexta-feira Han Hak-ja, principal figura \u00e0 frente da Igreja da Unifica\u00e7\u00e3o, a uma pena de dois anos de reclus\u00e3o. A decis\u00e3o proferida em Seul decorre de acusa\u00e7\u00f5es formais envolvendo o direcionamento de recursos financeiros ilegais para a esfera pol\u00edtica e atos de corrup\u00e7\u00e3o. Quem \u00e9 Han Hak-ja [&hellip;]<\/p>\n","protected":false},"author":0,"featured_media":32269,"comment_status":"open","ping_status":"open","sticky":false,"template":"","format":"standard","meta":{"footnotes":""},"categories":[28],"tags":[],"class_list":["post-32261","post","type-post","status-publish","format-standard","has-post-thumbnail","hentry","category-mundo"],"_links":{"self":[{"href":"https:\/\/acontecenafronteira.com.br\/index.php\/wp-json\/wp\/v2\/posts\/32261","targetHints":{"allow":["GET"]}}],"collection":[{"href":"https:\/\/acontecenafronteira.com.br\/index.php\/wp-json\/wp\/v2\/posts"}],"about":[{"href":"https:\/\/acontecenafronteira.com.br\/index.php\/wp-json\/wp\/v2\/types\/post"}],"replies":[{"embeddable":true,"href":"https:\/\/acontecenafronteira.com.br\/index.php\/wp-json\/wp\/v2\/comments?post=32261"}],"version-history":[{"count":1,"href":"https:\/\/acontecenafronteira.com.br\/index.php\/wp-json\/wp\/v2\/posts\/32261\/revisions"}],"predecessor-version":[{"id":32268,"href":"https:\/\/acontecenafronteira.com.br\/index.php\/wp-json\/wp\/v2\/posts\/32261\/revisions\/32268"}],"wp:featuredmedia":[{"embeddable":true,"href":"https:\/\/acontecenafronteira.com.br\/index.php\/wp-json\/wp\/v2\/media\/32269"}],"wp:attachment":[{"href":"https:\/\/acontecenafronteira.com.br\/index.php\/wp-json\/wp\/v2\/media?parent=32261"}],"wp:term":[{"taxonomy":"category","embeddable":true,"href":"https:\/\/acontecenafronteira.com.br\/index.php\/wp-json\/wp\/v2\/categories?post=32261"},{"taxonomy":"post_tag","embeddable":true,"href":"https:\/\/acontecenafronteira.com.br\/index.php\/wp-json\/wp\/v2\/tags?post=32261"}],"curies":[{"name":"wp","href":"https:\/\/api.w.org\/{rel}","templated":true}]}}