{"id":32259,"date":"2026-08-31T07:36:06","date_gmt":"2026-08-31T10:36:06","guid":{"rendered":"https:\/\/acontecenafronteira.com.br\/?p=32259"},"modified":"2026-08-31T07:36:06","modified_gmt":"2026-08-31T10:36:06","slug":"atacante-dvd-do-vasco-e-alvo-de-operacao-policial-no-rj","status":"publish","type":"post","link":"https:\/\/acontecenafronteira.com.br\/index.php\/2026\/08\/31\/atacante-dvd-do-vasco-e-alvo-de-operacao-policial-no-rj\/","title":{"rendered":"Atacante DVD do Vasco \u00e9 alvo de opera\u00e7\u00e3o policial no RJ"},"content":{"rendered":"<p>O atacante <strong>David Corr\u00eaa<\/strong>, mais conhecido como <strong>DVD<\/strong> e integrante do elenco do <strong>Vasco<\/strong>, tornou-se alvo de mandados de busca e apreens\u00e3o cumpridos pela pol\u00edcia. A a\u00e7\u00e3o faz parte de uma investiga\u00e7\u00e3o conduzida pela Pol\u00edcia Civil do Esp\u00edrito Santo que apura crimes de tr\u00e1fico interestadual de <strong>drogas e armas<\/strong>.<\/p>\n<h2>Locais da opera\u00e7\u00e3o policial<\/h2>\n<p>As dilig\u00eancias judiciais foram realizadas simultaneamente em dois pontos principais: na resid\u00eancia do atleta situada na <strong>Barra da Tijuca<\/strong> e no centro de treinamento do clube carioca, localizado em Jacarepagu\u00e1, na zona oeste do Rio de Janeiro.<\/p>\n<p>O centro de treinamento vasca\u00edno recebeu a equipe policial e o pr\u00f3prio atleta compareceu ao local dirigindo seu ve\u00edculo particular para acompanhar o desdobramento da fiscaliza\u00e7\u00e3o de perto. Ao deixar o complexo esportivo, o <strong>atacante<\/strong> evitou prestar declara\u00e7\u00f5es \u00e0 imprensa sobre o caso.<\/p>\n<h2>Escala da investiga\u00e7\u00e3o e suspeitas<\/h2>\n<p>Conforme os dados divulgados pelas autoridades policiais, a ofensiva tem como foco principal desmantelar uma <strong>organiza\u00e7\u00e3o criminosa<\/strong> suspeita de atuar de maneira interestadual no setor il\u00edcito.<\/p>\n<p>Al\u00e9m do jogador vasca\u00edno, as autoridades investigam a poss\u00edvel liga\u00e7\u00e3o de outros atletas profissionais e empres\u00e1rios do meio esportivo com a fac\u00e7\u00e3o criminosa alvo da opera\u00e7\u00e3o.<\/p>\n<p>A mobiliza\u00e7\u00e3o envolveu cerca de 100 agentes da seguran\u00e7a p\u00fablica, contando com o apoio de 38 viaturas e duas aeronaves para o cumprimento simult\u00e2neo das ordens judiciais em diferentes regi\u00f5es.<\/p>\n<p>At\u00e9 o momento da \u00faltima atualiza\u00e7\u00e3o das informa\u00e7\u00f5es, a diretoria do <strong>Vasco da Gama<\/strong> optou por n\u00e3o emitir posicionamento oficial sobre a situa\u00e7\u00e3o envolvendo seu jogador.<\/p>\n<p>Por Reda\u00e7\u00e3o Acontece<\/p>\n<p>Cr\u00e9ditos da imagem: Reprodu\u00e7\u00e3o \/ Redes Sociais<\/p>\n","protected":false},"excerpt":{"rendered":"<p>O atacante David Corr\u00eaa, mais conhecido como DVD e integrante do elenco do Vasco, tornou-se alvo de mandados de busca e apreens\u00e3o cumpridos pela pol\u00edcia. A a\u00e7\u00e3o faz parte de uma investiga\u00e7\u00e3o conduzida pela Pol\u00edcia Civil do Esp\u00edrito Santo que apura crimes de tr\u00e1fico interestadual de drogas e armas. Locais da opera\u00e7\u00e3o policial As dilig\u00eancias [&hellip;]<\/p>\n","protected":false},"author":0,"featured_media":32265,"comment_status":"open","ping_status":"open","sticky":false,"template":"","format":"standard","meta":{"footnotes":""},"categories":[28],"tags":[],"class_list":["post-32259","post","type-post","status-publish","format-standard","has-post-thumbnail","hentry","category-mundo"],"_links":{"self":[{"href":"https:\/\/acontecenafronteira.com.br\/index.php\/wp-json\/wp\/v2\/posts\/32259","targetHints":{"allow":["GET"]}}],"collection":[{"href":"https:\/\/acontecenafronteira.com.br\/index.php\/wp-json\/wp\/v2\/posts"}],"about":[{"href":"https:\/\/acontecenafronteira.com.br\/index.php\/wp-json\/wp\/v2\/types\/post"}],"replies":[{"embeddable":true,"href":"https:\/\/acontecenafronteira.com.br\/index.php\/wp-json\/wp\/v2\/comments?post=32259"}],"version-history":[{"count":1,"href":"https:\/\/acontecenafronteira.com.br\/index.php\/wp-json\/wp\/v2\/posts\/32259\/revisions"}],"predecessor-version":[{"id":32264,"href":"https:\/\/acontecenafronteira.com.br\/index.php\/wp-json\/wp\/v2\/posts\/32259\/revisions\/32264"}],"wp:featuredmedia":[{"embeddable":true,"href":"https:\/\/acontecenafronteira.com.br\/index.php\/wp-json\/wp\/v2\/media\/32265"}],"wp:attachment":[{"href":"https:\/\/acontecenafronteira.com.br\/index.php\/wp-json\/wp\/v2\/media?parent=32259"}],"wp:term":[{"taxonomy":"category","embeddable":true,"href":"https:\/\/acontecenafronteira.com.br\/index.php\/wp-json\/wp\/v2\/categories?post=32259"},{"taxonomy":"post_tag","embeddable":true,"href":"https:\/\/acontecenafronteira.com.br\/index.php\/wp-json\/wp\/v2\/tags?post=32259"}],"curies":[{"name":"wp","href":"https:\/\/api.w.org\/{rel}","templated":true}]}}