{"id":32253,"date":"2026-08-31T07:35:53","date_gmt":"2026-08-31T10:35:53","guid":{"rendered":"https:\/\/acontecenafronteira.com.br\/?p=32253"},"modified":"2026-08-31T07:35:53","modified_gmt":"2026-08-31T10:35:53","slug":"cobrancas-judiciais-de-dividas-privadas-batem-recorde-em-2025","status":"publish","type":"post","link":"https:\/\/acontecenafronteira.com.br\/index.php\/2026\/08\/31\/cobrancas-judiciais-de-dividas-privadas-batem-recorde-em-2025\/","title":{"rendered":"Cobran\u00e7as judiciais de d\u00edvidas privadas batem recorde em 2025"},"content":{"rendered":"<p>As <strong>cobran\u00e7as judiciais de d\u00edvidas privadas<\/strong> alcan\u00e7aram o n\u00edvel mais alto da s\u00e9rie hist\u00f3rica durante o ano de 2025, conforme apontam as informa\u00e7\u00f5es recentes divulgadas pelo Painel de Estat\u00edsticas do Conselho Nacional de Justi\u00e7a.<\/p>\n<h2>Crescimento hist\u00f3rico na Justi\u00e7a brasileira<\/h2>\n<p>O volume de processos relacionados ao inadimplemento de obriga\u00e7\u00f5es entre particulares disparou nos tribunais do pa\u00eds, refletindo o cen\u00e1rio econ\u00f4mico atual e a busca dos credores pela via legal para reaver valores pendentes.<\/p>\n<h3>Impacto nos tribunais e na economia<\/h3>\n<p>Esse avan\u00e7o expressivo sobrecarrega o sistema judici\u00e1rio nacional e evidencia as dificuldades financeiras enfrentadas por empresas e consumidores na quita\u00e7\u00e3o de compromissos firmados no setor privado.<\/p>\n<p>As estat\u00edsticas oficiais consolidam uma tend\u00eancia de alta que vinha sendo monitorada por especialistas em direito civil e finan\u00e7as ao longo dos \u00faltimos anos, culminando neste patamar sem precedentes.<\/p>\n<p>Especialistas apontam que a morosidade processual pode ser um obst\u00e1culo adicional para a recupera\u00e7\u00e3o eficiente desses cr\u00e9ditos, exigindo maior efici\u00eancia e novas alternativas de resolu\u00e7\u00e3o de conflitos.<\/p>\n<p>A alta expressiva nos lit\u00edgios refor\u00e7a a necessidade de aten\u00e7\u00e3o redobrada com o planejamento financeiro e a gest\u00e3o de risco tanto para pessoas f\u00edsicas quanto jur\u00eddicas no cen\u00e1rio nacional.<\/p>\n<p>Por Reda\u00e7\u00e3o Acontece<\/p>\n<p>Foto: Divulga\u00e7\u00e3o\/CNJ<\/p>\n","protected":false},"excerpt":{"rendered":"<p>As cobran\u00e7as judiciais de d\u00edvidas privadas alcan\u00e7aram o n\u00edvel mais alto da s\u00e9rie hist\u00f3rica durante o ano de 2025, conforme apontam as informa\u00e7\u00f5es recentes divulgadas pelo Painel de Estat\u00edsticas do Conselho Nacional de Justi\u00e7a. Crescimento hist\u00f3rico na Justi\u00e7a brasileira O volume de processos relacionados ao inadimplemento de obriga\u00e7\u00f5es entre particulares disparou nos tribunais do pa\u00eds, [&hellip;]<\/p>\n","protected":false},"author":0,"featured_media":32257,"comment_status":"open","ping_status":"open","sticky":false,"template":"","format":"standard","meta":{"footnotes":""},"categories":[18],"tags":[],"class_list":["post-32253","post","type-post","status-publish","format-standard","has-post-thumbnail","hentry","category-parana"],"_links":{"self":[{"href":"https:\/\/acontecenafronteira.com.br\/index.php\/wp-json\/wp\/v2\/posts\/32253","targetHints":{"allow":["GET"]}}],"collection":[{"href":"https:\/\/acontecenafronteira.com.br\/index.php\/wp-json\/wp\/v2\/posts"}],"about":[{"href":"https:\/\/acontecenafronteira.com.br\/index.php\/wp-json\/wp\/v2\/types\/post"}],"replies":[{"embeddable":true,"href":"https:\/\/acontecenafronteira.com.br\/index.php\/wp-json\/wp\/v2\/comments?post=32253"}],"version-history":[{"count":1,"href":"https:\/\/acontecenafronteira.com.br\/index.php\/wp-json\/wp\/v2\/posts\/32253\/revisions"}],"predecessor-version":[{"id":32256,"href":"https:\/\/acontecenafronteira.com.br\/index.php\/wp-json\/wp\/v2\/posts\/32253\/revisions\/32256"}],"wp:featuredmedia":[{"embeddable":true,"href":"https:\/\/acontecenafronteira.com.br\/index.php\/wp-json\/wp\/v2\/media\/32257"}],"wp:attachment":[{"href":"https:\/\/acontecenafronteira.com.br\/index.php\/wp-json\/wp\/v2\/media?parent=32253"}],"wp:term":[{"taxonomy":"category","embeddable":true,"href":"https:\/\/acontecenafronteira.com.br\/index.php\/wp-json\/wp\/v2\/categories?post=32253"},{"taxonomy":"post_tag","embeddable":true,"href":"https:\/\/acontecenafronteira.com.br\/index.php\/wp-json\/wp\/v2\/tags?post=32253"}],"curies":[{"name":"wp","href":"https:\/\/api.w.org\/{rel}","templated":true}]}}