{"id":32252,"date":"2026-08-31T07:35:50","date_gmt":"2026-08-31T10:35:50","guid":{"rendered":"https:\/\/acontecenafronteira.com.br\/?p=32252"},"modified":"2026-08-31T07:35:50","modified_gmt":"2026-08-31T10:35:50","slug":"bolsa-familia-de-agosto-caixa-paga-ultimo-grupo-nesta-segunda","status":"publish","type":"post","link":"https:\/\/acontecenafronteira.com.br\/index.php\/2026\/08\/31\/bolsa-familia-de-agosto-caixa-paga-ultimo-grupo-nesta-segunda\/","title":{"rendered":"Bolsa Fam\u00edlia de agosto: Caixa paga \u00faltimo grupo nesta segunda"},"content":{"rendered":"<p>A Caixa Econ\u00f4mica Federal finaliza nesta segunda-feira (31) o repasse da parcela referente ao m\u00eas de agosto do <strong>Bolsa Fam\u00edlia<\/strong>. Nesta \u00faltima etapa do calend\u00e1rio atual, o pagamento \u00e9 liberado para os benefici\u00e1rios cujo <strong>N\u00famero de Inscri\u00e7\u00e3o Social (NIS)<\/strong> termina com o d\u00edgito 0.<\/p>\n<h2>Calend\u00e1rio e movimenta\u00e7\u00e3o financeira<\/h2>\n<p>O cronograma de repasses teve in\u00edcio no dia 19 de agosto, priorizando de forma escalonada os cidad\u00e3os de acordo com o final do NIS. Os valores repassados pelo programa social podem ser movimentados de forma digital por meio do <strong>aplicativo Caixa Tem<\/strong>, ferramenta que facilita o pagamento de contas, transfer\u00eancias e compras no dia a dia.<\/p>\n<h2>Valores atualizados e adicionais do programa<\/h2>\n<p>O valor m\u00ednimo garantido para cada fam\u00edlia participante \u00e9 de <strong>R$ 300<\/strong>, mas a m\u00e9dia nacional paga pelo governo costuma ser superior devido aos <strong>benef\u00edcios complementares<\/strong>. Entre os adicionais que integram a folha de pagamento est\u00e3o o Aux\u00edlio G\u00e1s, o acr\u00e9scimo para gestantes e crian\u00e7as, al\u00e9m de valores espec\u00edficos para jovens em idade escolar.<\/p>\n<p>Para continuar recebendo o aux\u00edlio financeiro sem interrup\u00e7\u00f5es, os respons\u00e1veis familiares devem cumprir rigorosamente as <strong>condicionantes de sa\u00fade e educa\u00e7\u00e3o<\/strong>. Isso inclui a manuten\u00e7\u00e3o da frequ\u00eancia escolar m\u00ednima dos filhos e a atualiza\u00e7\u00e3o da cadernochas de vacina\u00e7\u00e3o na rede p\u00fablica.<\/p>\n<p>O programa segue como a principal ferramenta de <strong>transfer\u00eancia de renda<\/strong> do pa\u00eds, garantindo suporte financeiro essencial para milh\u00f5es de lares em situa\u00e7\u00e3o de vulnerabilidade social em todos os munic\u00edpios brasileiros.<\/p>\n<p>Por Reda\u00e7\u00e3o Acontece<\/p>\n<p>Cr\u00e9dito da imagem: Marcelo Camargo\/Ag\u00eancia Brasil<\/p>\n","protected":false},"excerpt":{"rendered":"<p>A Caixa Econ\u00f4mica Federal finaliza nesta segunda-feira (31) o repasse da parcela referente ao m\u00eas de agosto do Bolsa Fam\u00edlia. Nesta \u00faltima etapa do calend\u00e1rio atual, o pagamento \u00e9 liberado para os benefici\u00e1rios cujo N\u00famero de Inscri\u00e7\u00e3o Social (NIS) termina com o d\u00edgito 0. Calend\u00e1rio e movimenta\u00e7\u00e3o financeira O cronograma de repasses teve in\u00edcio no [&hellip;]<\/p>\n","protected":false},"author":0,"featured_media":32255,"comment_status":"open","ping_status":"open","sticky":false,"template":"","format":"standard","meta":{"footnotes":""},"categories":[18],"tags":[],"class_list":["post-32252","post","type-post","status-publish","format-standard","has-post-thumbnail","hentry","category-parana"],"_links":{"self":[{"href":"https:\/\/acontecenafronteira.com.br\/index.php\/wp-json\/wp\/v2\/posts\/32252","targetHints":{"allow":["GET"]}}],"collection":[{"href":"https:\/\/acontecenafronteira.com.br\/index.php\/wp-json\/wp\/v2\/posts"}],"about":[{"href":"https:\/\/acontecenafronteira.com.br\/index.php\/wp-json\/wp\/v2\/types\/post"}],"replies":[{"embeddable":true,"href":"https:\/\/acontecenafronteira.com.br\/index.php\/wp-json\/wp\/v2\/comments?post=32252"}],"version-history":[{"count":1,"href":"https:\/\/acontecenafronteira.com.br\/index.php\/wp-json\/wp\/v2\/posts\/32252\/revisions"}],"predecessor-version":[{"id":32254,"href":"https:\/\/acontecenafronteira.com.br\/index.php\/wp-json\/wp\/v2\/posts\/32252\/revisions\/32254"}],"wp:featuredmedia":[{"embeddable":true,"href":"https:\/\/acontecenafronteira.com.br\/index.php\/wp-json\/wp\/v2\/media\/32255"}],"wp:attachment":[{"href":"https:\/\/acontecenafronteira.com.br\/index.php\/wp-json\/wp\/v2\/media?parent=32252"}],"wp:term":[{"taxonomy":"category","embeddable":true,"href":"https:\/\/acontecenafronteira.com.br\/index.php\/wp-json\/wp\/v2\/categories?post=32252"},{"taxonomy":"post_tag","embeddable":true,"href":"https:\/\/acontecenafronteira.com.br\/index.php\/wp-json\/wp\/v2\/tags?post=32252"}],"curies":[{"name":"wp","href":"https:\/\/api.w.org\/{rel}","templated":true}]}}