{"id":32239,"date":"2026-08-31T06:36:38","date_gmt":"2026-08-31T09:36:38","guid":{"rendered":"https:\/\/acontecenafronteira.com.br\/?p=32239"},"modified":"2026-08-31T06:36:38","modified_gmt":"2026-08-31T09:36:38","slug":"vicente-pires-tera-corte-de-energia-nesta-segunda-feira-31","status":"publish","type":"post","link":"https:\/\/acontecenafronteira.com.br\/index.php\/2026\/08\/31\/vicente-pires-tera-corte-de-energia-nesta-segunda-feira-31\/","title":{"rendered":"Vicente Pires ter\u00e1 corte de energia nesta segunda-feira (31)"},"content":{"rendered":"<p>Moradores de <strong>Vicente Pires<\/strong> precisam se preparar para uma interrup\u00e7\u00e3o tempor\u00e1ria no fornecimento de eletricidade nesta segunda-feira (31). O desligamento programado ocorre para a execu\u00e7\u00e3o de obras de moderniza\u00e7\u00e3o e melhorias na rede de distribui\u00e7\u00e3o local.<\/p>\n<h2>Ruas e ch\u00e1caras afetadas pelo desligamento<\/h2>\n<p>O corte no abastecimento el\u00e9trico est\u00e1 agendado para acontecer das 9h \u00e0s 13h. A suspens\u00e3o vai abranger pontos espec\u00edficos da <strong>Col\u00f4nia Agr\u00edcola Vicente Pires<\/strong>, atingindo a Ch\u00e1cara 108 (Lote 02), a Ch\u00e1cara 112 (Lote 01), a Ch\u00e1cara 113 (Lote 35) e os conjuntos 01, 02, 03, 04 e 8 da Ch\u00e1cara 111.<\/p>\n<h2>Motivo da interrup\u00e7\u00e3o e prazos<\/h2>\n<p>De acordo com a <strong>Neoenergia<\/strong>, a medida \u00e9 indispens\u00e1vel para assegurar a integridade f\u00edsica dos profissionais que atuam em campo. Al\u00e9m disso, as interven\u00e7\u00f5es buscam elevar a estabilidade e a confiabilidade da <strong>energia el\u00e9trica<\/strong> distribu\u00edda aos consumidores da regi\u00e3o administrativa.<\/p>\n<p>A concession\u00e1ria esclarece que o fornecimento poder\u00e1 ser retomado antes do hor\u00e1rio estipulado, caso os procedimentos t\u00e9cnicos terminem com anteced\u00eancia, sem necessidade de aviso pr\u00e9vio aos moradores.<\/p>\n<h2>Canais de atendimento ao consumidor<\/h2>\n<p>Em situa\u00e7\u00f5es de quedas n\u00e3o programadas ou emerg\u00eancias relacionadas ao sistema el\u00e9trico, a popula\u00e7\u00e3o deve acionar o canal telef\u00f4nico 116.<\/p>\n<p>J\u00e1 as pessoas com defici\u00eancia auditiva ou de fala disp\u00f5em de atendimento exclusivo pelo n\u00famero 0800 701 01 55, exigindo o uso de equipamento adaptado para a chamada.<\/p>\n<p>Por Reda\u00e7\u00e3o Acontece<\/p>\n<p>Imagem: Divulga\u00e7\u00e3o \/ Neoenergia<\/p>\n","protected":false},"excerpt":{"rendered":"<p>Moradores de Vicente Pires precisam se preparar para uma interrup\u00e7\u00e3o tempor\u00e1ria no fornecimento de eletricidade nesta segunda-feira (31). O desligamento programado ocorre para a execu\u00e7\u00e3o de obras de moderniza\u00e7\u00e3o e melhorias na rede de distribui\u00e7\u00e3o local. Ruas e ch\u00e1caras afetadas pelo desligamento O corte no abastecimento el\u00e9trico est\u00e1 agendado para acontecer das 9h \u00e0s 13h. [&hellip;]<\/p>\n","protected":false},"author":0,"featured_media":32245,"comment_status":"open","ping_status":"open","sticky":false,"template":"","format":"standard","meta":{"footnotes":""},"categories":[6],"tags":[],"class_list":["post-32239","post","type-post","status-publish","format-standard","has-post-thumbnail","hentry","category-mercosul"],"_links":{"self":[{"href":"https:\/\/acontecenafronteira.com.br\/index.php\/wp-json\/wp\/v2\/posts\/32239","targetHints":{"allow":["GET"]}}],"collection":[{"href":"https:\/\/acontecenafronteira.com.br\/index.php\/wp-json\/wp\/v2\/posts"}],"about":[{"href":"https:\/\/acontecenafronteira.com.br\/index.php\/wp-json\/wp\/v2\/types\/post"}],"replies":[{"embeddable":true,"href":"https:\/\/acontecenafronteira.com.br\/index.php\/wp-json\/wp\/v2\/comments?post=32239"}],"version-history":[{"count":1,"href":"https:\/\/acontecenafronteira.com.br\/index.php\/wp-json\/wp\/v2\/posts\/32239\/revisions"}],"predecessor-version":[{"id":32244,"href":"https:\/\/acontecenafronteira.com.br\/index.php\/wp-json\/wp\/v2\/posts\/32239\/revisions\/32244"}],"wp:featuredmedia":[{"embeddable":true,"href":"https:\/\/acontecenafronteira.com.br\/index.php\/wp-json\/wp\/v2\/media\/32245"}],"wp:attachment":[{"href":"https:\/\/acontecenafronteira.com.br\/index.php\/wp-json\/wp\/v2\/media?parent=32239"}],"wp:term":[{"taxonomy":"category","embeddable":true,"href":"https:\/\/acontecenafronteira.com.br\/index.php\/wp-json\/wp\/v2\/categories?post=32239"},{"taxonomy":"post_tag","embeddable":true,"href":"https:\/\/acontecenafronteira.com.br\/index.php\/wp-json\/wp\/v2\/tags?post=32239"}],"curies":[{"name":"wp","href":"https:\/\/api.w.org\/{rel}","templated":true}]}}