{"id":32228,"date":"2026-08-31T06:36:25","date_gmt":"2026-08-31T09:36:25","guid":{"rendered":"https:\/\/acontecenafronteira.com.br\/?p=32228"},"modified":"2026-08-31T06:36:25","modified_gmt":"2026-08-31T09:36:25","slug":"estreias-da-semana-no-streaming-confira-os-destaques","status":"publish","type":"post","link":"https:\/\/acontecenafronteira.com.br\/index.php\/2026\/08\/31\/estreias-da-semana-no-streaming-confira-os-destaques\/","title":{"rendered":"Estreias da semana no streaming: confira os destaques"},"content":{"rendered":"<p>A semana traz grandes novidades para os f\u00e3s de maratonas com a chegada de produ\u00e7\u00f5es de peso aos servi\u00e7os de streaming, misturando com\u00e9dia, drama e reality shows.<\/p>\n<h2>Magnatas do Crime na Netflix<\/h2>\n<p>A segunda temporada da s\u00e9rie comandada por Guy Ritchie chega \u00e0 Netflix no dia 3 de setembro, trazendo o protagonista Eddie, vivido por Theo James, totalmente adaptado \u00e0 vida dupla entre a nobreza e o submundo do crime. Rumores recentes nos jornais brit\u00e2nicos apontaram que Meghan Markle teria sido cotada para a terceira temporada, embora especialistas da realeza tenham descartado a participa\u00e7\u00e3o devido a uma suposta rejei\u00e7\u00e3o p\u00fablica.<\/p>\n<h2>Novidades no Globoplay e Disney Plus<\/h2>\n<p>A aclamada s\u00e9rie dram\u00e1tica This Is Us desembarca no cat\u00e1logo do Globoplay a partir de 2 de setembro, disponibilizando todas as seis temporadas que acompanham a emocionante trajet\u00f3ria da fam\u00edlia Pearson desde 1979. J\u00e1 no Disney Plus, o p\u00fablico confere a partir do dia 3 a continua\u00e7\u00e3o da com\u00e9dia Chad Powers, estrelada por Glenn Powell, onde o protagonista tenta manter seu disfarce esportivo sob a desconfian\u00e7a dos treinadores.<\/p>\n<h2>Reality shows e influenciadores<\/h2>\n<p>A Netflix tamb\u00e9m aposta em formatos de entretenimento e, no dia 4 de setembro, estreia a produ\u00e7\u00e3o estrelada por Alix Earle, influenciadora digital com milh\u00f5es de seguidores no TikTok e destaque na revista Time. Para encerrar as novidades do per\u00edodo, a plataforma lan\u00e7a no dia 2 os epis\u00f3dios finais do reality show comandado por Claudia Raia, onde m\u00e3es e filhos disputam um pr\u00eamio de R$ 1 milh\u00e3o.<\/p>\n<p>Por Reda\u00e7\u00e3o Acontece<\/p>\n<p>Cr\u00e9ditos da imagem: Divulga\u00e7\u00e3o \/ Netflix<\/p>\n","protected":false},"excerpt":{"rendered":"<p>A semana traz grandes novidades para os f\u00e3s de maratonas com a chegada de produ\u00e7\u00f5es de peso aos servi\u00e7os de streaming, misturando com\u00e9dia, drama e reality shows. Magnatas do Crime na Netflix A segunda temporada da s\u00e9rie comandada por Guy Ritchie chega \u00e0 Netflix no dia 3 de setembro, trazendo o protagonista Eddie, vivido por [&hellip;]<\/p>\n","protected":false},"author":0,"featured_media":32235,"comment_status":"open","ping_status":"open","sticky":false,"template":"","format":"standard","meta":{"footnotes":""},"categories":[28],"tags":[],"class_list":["post-32228","post","type-post","status-publish","format-standard","has-post-thumbnail","hentry","category-mundo"],"_links":{"self":[{"href":"https:\/\/acontecenafronteira.com.br\/index.php\/wp-json\/wp\/v2\/posts\/32228","targetHints":{"allow":["GET"]}}],"collection":[{"href":"https:\/\/acontecenafronteira.com.br\/index.php\/wp-json\/wp\/v2\/posts"}],"about":[{"href":"https:\/\/acontecenafronteira.com.br\/index.php\/wp-json\/wp\/v2\/types\/post"}],"replies":[{"embeddable":true,"href":"https:\/\/acontecenafronteira.com.br\/index.php\/wp-json\/wp\/v2\/comments?post=32228"}],"version-history":[{"count":1,"href":"https:\/\/acontecenafronteira.com.br\/index.php\/wp-json\/wp\/v2\/posts\/32228\/revisions"}],"predecessor-version":[{"id":32234,"href":"https:\/\/acontecenafronteira.com.br\/index.php\/wp-json\/wp\/v2\/posts\/32228\/revisions\/32234"}],"wp:featuredmedia":[{"embeddable":true,"href":"https:\/\/acontecenafronteira.com.br\/index.php\/wp-json\/wp\/v2\/media\/32235"}],"wp:attachment":[{"href":"https:\/\/acontecenafronteira.com.br\/index.php\/wp-json\/wp\/v2\/media?parent=32228"}],"wp:term":[{"taxonomy":"category","embeddable":true,"href":"https:\/\/acontecenafronteira.com.br\/index.php\/wp-json\/wp\/v2\/categories?post=32228"},{"taxonomy":"post_tag","embeddable":true,"href":"https:\/\/acontecenafronteira.com.br\/index.php\/wp-json\/wp\/v2\/tags?post=32228"}],"curies":[{"name":"wp","href":"https:\/\/api.w.org\/{rel}","templated":true}]}}