{"id":32217,"date":"2026-08-31T05:37:05","date_gmt":"2026-08-31T08:37:05","guid":{"rendered":"https:\/\/acontecenafronteira.com.br\/?p=32217"},"modified":"2026-08-31T05:37:05","modified_gmt":"2026-08-31T08:37:05","slug":"desafios-fiscais-e-economicos-marcam-o-proximo-governo","status":"publish","type":"post","link":"https:\/\/acontecenafronteira.com.br\/index.php\/2026\/08\/31\/desafios-fiscais-e-economicos-marcam-o-proximo-governo\/","title":{"rendered":"Desafios fiscais e econ\u00f4micos marcam o pr\u00f3ximo governo"},"content":{"rendered":"<p>O futuro presidente da Rep\u00fablica assumir\u00e1 o comando do pa\u00eds sob forte press\u00e3o de restri\u00e7\u00f5es fiscais j\u00e1 consolidadas, que unem a expans\u00e3o dos gastos obrigat\u00f3rios, a implementa\u00e7\u00e3o da <strong>reforma tribut\u00e1ria<\/strong>, a alta de despesas com a Previd\u00eancia Social e um patamar elevado para a <strong>d\u00edvida p\u00fablica<\/strong>.<\/p>\n<h2>Pilares da economia nacional<\/h2>\n<p>Especialistas da \u00e1rea apontam que a pr\u00f3xima gest\u00e3o precisar\u00e1 lidar simultaneamente com quatro grandes obst\u00e1culos: o avan\u00e7o do endividamento do Estado, o aperto no <strong>Or\u00e7amento federal<\/strong>, as mudan\u00e7as nos tributos e a urg\u00eancia de um novo <strong>ajuste fiscal<\/strong>.<\/p>\n<h2>A transi\u00e7\u00e3o da reforma tribut\u00e1ria<\/h2>\n<p>A partir de 2027, o pa\u00eds iniciar\u00e1 a aplica\u00e7\u00e3o pr\u00e1tica da grande remodela\u00e7\u00e3o de impostos aprovada pelo Congresso. O cronograma prev\u00ea a substitui\u00e7\u00e3o gradual de taxas sobre o consumo at\u00e9 2033, destacando a entrada em vigor da Contribui\u00e7\u00e3o sobre Bens e Servi\u00e7os (<strong>CBS<\/strong>) e do Imposto sobre Bens e Servi\u00e7os (<strong>IBS<\/strong>).<\/p>\n<p>O ano anterior servir\u00e1 como per\u00edodo de testes operacionais para os novos tributos. O desafio para o Pal\u00e1cio do Planalto ser\u00e1 conduzir essa transi\u00e7\u00e3o hist\u00f3rica sem asfixiar o setor produtivo e os contribuintes, superando eventuais gargalos regulat\u00f3rios em um cen\u00e1rio de recursos escassos.<\/p>\n<h2>Gastos obrigat\u00f3rios e o Or\u00e7amento<\/h2>\n<p>A margem de manobra para investimentos p\u00fablicos continuar\u00e1 restrita devido ao peso das despesas indexadas, como benef\u00edcios assistenciais, sa\u00fade, educa\u00e7\u00e3o e previd\u00eancia. Com a proje\u00e7\u00e3o do sal\u00e1rio m\u00ednimo em R$ 1.741, a press\u00e3o sobre as contas p\u00fablicas se intensifica, visto que o piso nacional serve de base para grande parte dos pagamentos sociais.<\/p>\n<p>O envelhecimento demogr\u00e1fico mant\u00e9m a <strong>Previd\u00eancia Social<\/strong> como o principal ralo estrutural dos recursos da Uni\u00e3o, limitando a capacidade do Estado de realizar investimentos estrat\u00e9gicos e gerenciar o or\u00e7amento com flexibilidade.<\/p>\n<h2>D\u00edvida p\u00fablica e juros elevados<\/h2>\n<p>A trajet\u00f3ria de longo prazo do endividamento brasileiro segue como o maior fator de risco para a estabilidade macroecon\u00f4mica. Proje\u00e7\u00f5es da Institui\u00e7\u00e3o Fiscal Independente (<strong>IFI<\/strong>) indicam que a <strong>d\u00edvida bruta<\/strong> pode ultrapassar 100% do Produto Interno Bruto (<strong>PIB<\/strong>) caso novas medidas estruturais n\u00e3o sejam adotadas.<\/p>\n<p>Para piorar o cen\u00e1rio, os <strong>juros reais<\/strong> em patamar elevado \u2014 com a taxa b\u00e1sica atualmente em 14% ao ano \u2014 encarecem significativamente o custo de financiamento da d\u00edvida. Isso anula parte dos efeitos positivos de eventuais super\u00e1vits prim\u00e1rios, tornando o equil\u00edbrio das contas p\u00fablicas ainda mais distante sem reformas profundas.<\/p>\n<p>Por Reda\u00e7\u00e3o Acontece<\/p>\n<p>Imagem: Reprodu\u00e7\u00e3o \/ Pixabay<\/p>\n","protected":false},"excerpt":{"rendered":"<p>O futuro presidente da Rep\u00fablica assumir\u00e1 o comando do pa\u00eds sob forte press\u00e3o de restri\u00e7\u00f5es fiscais j\u00e1 consolidadas, que unem a expans\u00e3o dos gastos obrigat\u00f3rios, a implementa\u00e7\u00e3o da reforma tribut\u00e1ria, a alta de despesas com a Previd\u00eancia Social e um patamar elevado para a d\u00edvida p\u00fablica. Pilares da economia nacional Especialistas da \u00e1rea apontam que [&hellip;]<\/p>\n","protected":false},"author":0,"featured_media":32225,"comment_status":"open","ping_status":"open","sticky":false,"template":"","format":"standard","meta":{"footnotes":""},"categories":[6],"tags":[],"class_list":["post-32217","post","type-post","status-publish","format-standard","has-post-thumbnail","hentry","category-mercosul"],"_links":{"self":[{"href":"https:\/\/acontecenafronteira.com.br\/index.php\/wp-json\/wp\/v2\/posts\/32217","targetHints":{"allow":["GET"]}}],"collection":[{"href":"https:\/\/acontecenafronteira.com.br\/index.php\/wp-json\/wp\/v2\/posts"}],"about":[{"href":"https:\/\/acontecenafronteira.com.br\/index.php\/wp-json\/wp\/v2\/types\/post"}],"replies":[{"embeddable":true,"href":"https:\/\/acontecenafronteira.com.br\/index.php\/wp-json\/wp\/v2\/comments?post=32217"}],"version-history":[{"count":1,"href":"https:\/\/acontecenafronteira.com.br\/index.php\/wp-json\/wp\/v2\/posts\/32217\/revisions"}],"predecessor-version":[{"id":32224,"href":"https:\/\/acontecenafronteira.com.br\/index.php\/wp-json\/wp\/v2\/posts\/32217\/revisions\/32224"}],"wp:featuredmedia":[{"embeddable":true,"href":"https:\/\/acontecenafronteira.com.br\/index.php\/wp-json\/wp\/v2\/media\/32225"}],"wp:attachment":[{"href":"https:\/\/acontecenafronteira.com.br\/index.php\/wp-json\/wp\/v2\/media?parent=32217"}],"wp:term":[{"taxonomy":"category","embeddable":true,"href":"https:\/\/acontecenafronteira.com.br\/index.php\/wp-json\/wp\/v2\/categories?post=32217"},{"taxonomy":"post_tag","embeddable":true,"href":"https:\/\/acontecenafronteira.com.br\/index.php\/wp-json\/wp\/v2\/tags?post=32217"}],"curies":[{"name":"wp","href":"https:\/\/api.w.org\/{rel}","templated":true}]}}