{"id":32214,"date":"2026-08-31T05:36:50","date_gmt":"2026-08-31T08:36:50","guid":{"rendered":"https:\/\/acontecenafronteira.com.br\/?p=32214"},"modified":"2026-08-31T05:36:50","modified_gmt":"2026-08-31T08:36:50","slug":"dhl-pede-ao-governo-corte-de-imposto-em-remessas-internacionais","status":"publish","type":"post","link":"https:\/\/acontecenafronteira.com.br\/index.php\/2026\/08\/31\/dhl-pede-ao-governo-corte-de-imposto-em-remessas-internacionais\/","title":{"rendered":"DHL pede ao governo corte de imposto em remessas internacionais"},"content":{"rendered":"<p>A gigante global de entregas <strong>DHL<\/strong> acionou o Minist\u00e9rio da Fazenda para solicitar a amplia\u00e7\u00e3o da redu\u00e7\u00e3o de impostos sobre importa\u00e7\u00f5es internacionais, em meio aos debates no Congresso Nacional sobre as novas regras da chamada <strong>taxa das blusinhas<\/strong>.<\/p>\n<h2>Detalhes do pedido enviado \u00e0 Fazenda<\/h2>\n<p>O of\u00edcio foi encaminhado em 7 de julho ao secret\u00e1rio-executivo da pasta, Dario Durigan, e assinado por Mirele Griesius Maustchke, CEO da companhia no Brasil. A empresa defende que o corte na tributa\u00e7\u00e3o previsto na medida provis\u00f3ria seja estendido a outras modalidades de remessas que hoje ficam de fora do benef\u00edcio principal.<\/p>\n<h2>Impacto da reforma tribut\u00e1ria nas importa\u00e7\u00f5es<\/h2>\n<p>Para fundamentar o pedido, a lideran\u00e7a executiva anexou uma pesquisa elaborada por especialistas da Funda\u00e7\u00e3o Getulio Vargas (FGV). O levantamento aponta que a sobreposi\u00e7\u00e3o da al\u00edquota de 60% do <strong>Imposto de Importa\u00e7\u00e3o<\/strong> com os novos tributos da <strong>reforma tribut\u00e1ria<\/strong> pode gerar uma carga efetiva superior a 117% durante a fase de transi\u00e7\u00e3o.<\/p>\n<p>O estudo detalha que a inclus\u00e3o do imposto federal na base de c\u00e1lculo de novos tributos elevar\u00e1 drasticamente os custos operacionais. Nas transa\u00e7\u00f5es via <strong>Remessa Conforme<\/strong>, a taxa\u00e7\u00e3o real pode saltar para mais de 101%, enquanto opera\u00e7\u00f5es externas ultrapassariam 102%, atingindo picos expressivos no per\u00edodo de transi\u00e7\u00e3o.<\/p>\n<h2>Regras atuais e o pleito por isonomia<\/h2>\n<p>Atualmente, o texto em discuss\u00e3o no Legislativo estabelece isen\u00e7\u00e3o para compras externas de at\u00e9 US$ 50. Para valores entre US$ 50,01 e US$ 3 mil realizados dentro do <strong>Remessa Conforme<\/strong>, a al\u00edquota cai de 60% para 30%.<\/p>\n<p>A pretens\u00e3o da transportadora \u00e9 que essa redu\u00e7\u00e3o para 30% alcance todas as opera\u00e7\u00f5es enquadradas no Regime de Tributa\u00e7\u00e3o Simplificada (RTS), contemplando tamb\u00e9m pessoas jur\u00eddicas e rotas alternativas de entrega.<\/p>\n<p>A dire\u00e7\u00e3o da empresa argumenta que a medida garantir\u00e1 tratamento igualit\u00e1rio, mantendo a competitividade e a simplifica\u00e7\u00e3o almejadas pelo novo sistema tribut\u00e1rio brasileiro.<\/p>\n<p>Por Reda\u00e7\u00e3o Acontece<\/p>\n<p>Foto: Divulga\u00e7\u00e3o\/Minist\u00e9rio da Fazenda<\/p>\n","protected":false},"excerpt":{"rendered":"<p>A gigante global de entregas DHL acionou o Minist\u00e9rio da Fazenda para solicitar a amplia\u00e7\u00e3o da redu\u00e7\u00e3o de impostos sobre importa\u00e7\u00f5es internacionais, em meio aos debates no Congresso Nacional sobre as novas regras da chamada taxa das blusinhas. Detalhes do pedido enviado \u00e0 Fazenda O of\u00edcio foi encaminhado em 7 de julho ao secret\u00e1rio-executivo da [&hellip;]<\/p>\n","protected":false},"author":0,"featured_media":32219,"comment_status":"open","ping_status":"open","sticky":false,"template":"","format":"standard","meta":{"footnotes":""},"categories":[6],"tags":[],"class_list":["post-32214","post","type-post","status-publish","format-standard","has-post-thumbnail","hentry","category-mercosul"],"_links":{"self":[{"href":"https:\/\/acontecenafronteira.com.br\/index.php\/wp-json\/wp\/v2\/posts\/32214","targetHints":{"allow":["GET"]}}],"collection":[{"href":"https:\/\/acontecenafronteira.com.br\/index.php\/wp-json\/wp\/v2\/posts"}],"about":[{"href":"https:\/\/acontecenafronteira.com.br\/index.php\/wp-json\/wp\/v2\/types\/post"}],"replies":[{"embeddable":true,"href":"https:\/\/acontecenafronteira.com.br\/index.php\/wp-json\/wp\/v2\/comments?post=32214"}],"version-history":[{"count":1,"href":"https:\/\/acontecenafronteira.com.br\/index.php\/wp-json\/wp\/v2\/posts\/32214\/revisions"}],"predecessor-version":[{"id":32218,"href":"https:\/\/acontecenafronteira.com.br\/index.php\/wp-json\/wp\/v2\/posts\/32214\/revisions\/32218"}],"wp:featuredmedia":[{"embeddable":true,"href":"https:\/\/acontecenafronteira.com.br\/index.php\/wp-json\/wp\/v2\/media\/32219"}],"wp:attachment":[{"href":"https:\/\/acontecenafronteira.com.br\/index.php\/wp-json\/wp\/v2\/media?parent=32214"}],"wp:term":[{"taxonomy":"category","embeddable":true,"href":"https:\/\/acontecenafronteira.com.br\/index.php\/wp-json\/wp\/v2\/categories?post=32214"},{"taxonomy":"post_tag","embeddable":true,"href":"https:\/\/acontecenafronteira.com.br\/index.php\/wp-json\/wp\/v2\/tags?post=32214"}],"curies":[{"name":"wp","href":"https:\/\/api.w.org\/{rel}","templated":true}]}}