{"id":32205,"date":"2026-08-31T05:36:45","date_gmt":"2026-08-31T08:36:45","guid":{"rendered":"https:\/\/acontecenafronteira.com.br\/?p=32205"},"modified":"2026-08-31T05:36:45","modified_gmt":"2026-08-31T08:36:45","slug":"acao-no-tse-contra-lula-por-propaganda-no-carnaval-esta-travada","status":"publish","type":"post","link":"https:\/\/acontecenafronteira.com.br\/index.php\/2026\/08\/31\/acao-no-tse-contra-lula-por-propaganda-no-carnaval-esta-travada\/","title":{"rendered":"A\u00e7\u00e3o no TSE contra Lula por propaganda no carnaval est\u00e1 travada"},"content":{"rendered":"<p>O processo no Tribunal Superior Eleitoral que investiga uma suposta propaganda eleitoral antecipada a favor do presidente Luiz In\u00e1cio Lula da Silva durante o carnaval deste ano permanece paralisado devido a dificuldades burocr\u00e1ticas na localiza\u00e7\u00e3o dos r\u00e9us.<\/p>\n<h2>Entraves na cita\u00e7\u00e3o judicial<\/h2>\n<p>A paralisa\u00e7\u00e3o, que j\u00e1 dura desde o m\u00eas de fevereiro, ocorre especificamente porque nenhum representante legal da escola de samba Acad\u00eamicos de Niter\u00f3i foi encontrado para receber a cita\u00e7\u00e3o formal da Justi\u00e7a Eleitoral.<\/p>\n<h2>Origem da den\u00fancia<\/h2>\n<p>A representa\u00e7\u00e3o jur\u00eddica foi protocolada pelo Partido Novo logo ap\u00f3s os desfiles carnavalescos, per\u00edodo em que a agremia\u00e7\u00e3o carioca homenageou o atual chefe do Executivo federal em seu enredo.<\/p>\n<h2>Dilig\u00eancias recentes<\/h2>\n<p>Os oficiais de justi\u00e7a t\u00eam tentado notificar os respons\u00e1veis pela escola de samba repetidamente, sendo que a \u00faltima tentativa oficial de localiza\u00e7\u00e3o e intima\u00e7\u00e3o ocorreu em 12 de agosto.<\/p>\n<p>Enquanto a cita\u00e7\u00e3o formal n\u00e3o for concretizada pelos oficiais do tribunal, o andamento da a\u00e7\u00e3o legal continuar\u00e1 estagnado, impedindo que o m\u00e9rito da acusa\u00e7\u00e3o seja devidamente julgado pelas inst\u00e2ncias superiores.<\/p>\n<p>Por Reda\u00e7\u00e3o Acontece<\/p>\n<p>Cr\u00e9dito da imagem: Divulga\u00e7\u00e3o\/TSE<\/p>\n","protected":false},"excerpt":{"rendered":"<p>O processo no Tribunal Superior Eleitoral que investiga uma suposta propaganda eleitoral antecipada a favor do presidente Luiz In\u00e1cio Lula da Silva durante o carnaval deste ano permanece paralisado devido a dificuldades burocr\u00e1ticas na localiza\u00e7\u00e3o dos r\u00e9us. Entraves na cita\u00e7\u00e3o judicial A paralisa\u00e7\u00e3o, que j\u00e1 dura desde o m\u00eas de fevereiro, ocorre especificamente porque nenhum [&hellip;]<\/p>\n","protected":false},"author":0,"featured_media":32213,"comment_status":"open","ping_status":"open","sticky":false,"template":"","format":"standard","meta":{"footnotes":""},"categories":[28],"tags":[],"class_list":["post-32205","post","type-post","status-publish","format-standard","has-post-thumbnail","hentry","category-mundo"],"_links":{"self":[{"href":"https:\/\/acontecenafronteira.com.br\/index.php\/wp-json\/wp\/v2\/posts\/32205","targetHints":{"allow":["GET"]}}],"collection":[{"href":"https:\/\/acontecenafronteira.com.br\/index.php\/wp-json\/wp\/v2\/posts"}],"about":[{"href":"https:\/\/acontecenafronteira.com.br\/index.php\/wp-json\/wp\/v2\/types\/post"}],"replies":[{"embeddable":true,"href":"https:\/\/acontecenafronteira.com.br\/index.php\/wp-json\/wp\/v2\/comments?post=32205"}],"version-history":[{"count":1,"href":"https:\/\/acontecenafronteira.com.br\/index.php\/wp-json\/wp\/v2\/posts\/32205\/revisions"}],"predecessor-version":[{"id":32212,"href":"https:\/\/acontecenafronteira.com.br\/index.php\/wp-json\/wp\/v2\/posts\/32205\/revisions\/32212"}],"wp:featuredmedia":[{"embeddable":true,"href":"https:\/\/acontecenafronteira.com.br\/index.php\/wp-json\/wp\/v2\/media\/32213"}],"wp:attachment":[{"href":"https:\/\/acontecenafronteira.com.br\/index.php\/wp-json\/wp\/v2\/media?parent=32205"}],"wp:term":[{"taxonomy":"category","embeddable":true,"href":"https:\/\/acontecenafronteira.com.br\/index.php\/wp-json\/wp\/v2\/categories?post=32205"},{"taxonomy":"post_tag","embeddable":true,"href":"https:\/\/acontecenafronteira.com.br\/index.php\/wp-json\/wp\/v2\/tags?post=32205"}],"curies":[{"name":"wp","href":"https:\/\/api.w.org\/{rel}","templated":true}]}}