{"id":32203,"date":"2026-08-31T05:36:26","date_gmt":"2026-08-31T08:36:26","guid":{"rendered":"https:\/\/acontecenafronteira.com.br\/?p=32203"},"modified":"2026-08-31T05:36:26","modified_gmt":"2026-08-31T08:36:26","slug":"estreias-do-prime-video-em-setembro-de-2026-veja-a-lista","status":"publish","type":"post","link":"https:\/\/acontecenafronteira.com.br\/index.php\/2026\/08\/31\/estreias-do-prime-video-em-setembro-de-2026-veja-a-lista\/","title":{"rendered":"Estreias do Prime Video em setembro de 2026: veja a lista"},"content":{"rendered":"<p>O cat\u00e1logo do Prime Video em setembro de 2026 traz uma sele\u00e7\u00e3o imperd\u00edvel de filmes de suspense, romance e s\u00e9ries derivadas de grandes sucessos para os assinantes da plataforma de streaming.<\/p>\n<h2>Filmes de destaque no m\u00eas<\/h2>\n<p>A programa\u00e7\u00e3o cinematogr\u00e1fica do m\u00eas come\u00e7a logo no in\u00edcio com grandes apostas de a\u00e7\u00e3o e drama.<\/p>\n<h3>Corrida Contra o Tempo<\/h3>\n<p>No dia 2, estreia Corrida Contra o Tempo. A trama acompanha Maia Marten, interpretada por Gal Gadot, uma advogada brilhante de Londres que recebe a liga\u00e7\u00e3o mais aterrorizante de sua vida durante a corrida matinal: seu filho foi sequestrado. Para salv\u00e1-lo, ela precisa correr pela cidade cumprindo ordens implac\u00e1veis sem poder avisar ningu\u00e9m.<\/p>\n<h3>Atra\u00eddos Pelo Destino<\/h3>\n<p>J\u00e1 no dia 9, chega ao cat\u00e1logo Atra\u00eddos Pelo Destino. A hist\u00f3ria foca em Marfil Cort\u00e9s, filha de um magnata espanhol que vive em Nova York. Ap\u00f3s um sequestro misterioso e uma liberta\u00e7\u00e3o intrigante, seu pai contrata o guarda-costas Sebastian Moore. O conv\u00edvio desperta uma forte atra\u00e7\u00e3o entre os dois enquanto novos perigos surgem na Espanha.<\/p>\n<h3>A Hip\u00f3tese Do Amor<\/h3>\n<p>No dia 23, o romance ganha espa\u00e7o com A Hip\u00f3tese Do Amor. Olive, vivida por Lili Reinhart, \u00e9 uma doutoranda que, para convencer a amiga de que superou uma paix\u00e3o antiga, beija impulsivamente o professor Adam Carlsen. O namoro de mentira gera regras r\u00edgidas, mas a conviv\u00eancia amea\u00e7a transformar a atua\u00e7\u00e3o em um sentimento real.<\/p>\n<h2>S\u00e9ries imperd\u00edveis<\/h2>\n<p>As produ\u00e7\u00f5es seriadas tamb\u00e9m trazem grandes novidades para os f\u00e3s de investiga\u00e7\u00e3o e suspense.<\/p>\n<h3>Neagley: Detetive Particular<\/h3>\n<p>No dia 16, estreia a s\u00e9rie Neagley: Detetive Particular. A produ\u00e7\u00e3o \u00e9 estrelada por Maria Sten como Frances Neagley, ex-colega de Jack Reacher. Agora atuando em Chicago, ela decide investigar a morte suspeita de um amigo do passado, utilizando todo o seu treinamento militar para enfrentar uma amea\u00e7a perigosa.<\/p>\n<p>Prepare a pipoca e organize a sua maratona para conferir todos esses lan\u00e7amentos que prometem movimentar o servi\u00e7o de streaming ao longo de todo o m\u00eas.<\/p>\n<p>Por Reda\u00e7\u00e3o Acontece<\/p>\n<p>Imagem: Divulga\u00e7\u00e3o\/Prime Video<\/p>\n","protected":false},"excerpt":{"rendered":"<p>O cat\u00e1logo do Prime Video em setembro de 2026 traz uma sele\u00e7\u00e3o imperd\u00edvel de filmes de suspense, romance e s\u00e9ries derivadas de grandes sucessos para os assinantes da plataforma de streaming. Filmes de destaque no m\u00eas A programa\u00e7\u00e3o cinematogr\u00e1fica do m\u00eas come\u00e7a logo no in\u00edcio com grandes apostas de a\u00e7\u00e3o e drama. Corrida Contra o [&hellip;]<\/p>\n","protected":false},"author":0,"featured_media":32209,"comment_status":"open","ping_status":"open","sticky":false,"template":"","format":"standard","meta":{"footnotes":""},"categories":[28],"tags":[],"class_list":["post-32203","post","type-post","status-publish","format-standard","has-post-thumbnail","hentry","category-mundo"],"_links":{"self":[{"href":"https:\/\/acontecenafronteira.com.br\/index.php\/wp-json\/wp\/v2\/posts\/32203","targetHints":{"allow":["GET"]}}],"collection":[{"href":"https:\/\/acontecenafronteira.com.br\/index.php\/wp-json\/wp\/v2\/posts"}],"about":[{"href":"https:\/\/acontecenafronteira.com.br\/index.php\/wp-json\/wp\/v2\/types\/post"}],"replies":[{"embeddable":true,"href":"https:\/\/acontecenafronteira.com.br\/index.php\/wp-json\/wp\/v2\/comments?post=32203"}],"version-history":[{"count":1,"href":"https:\/\/acontecenafronteira.com.br\/index.php\/wp-json\/wp\/v2\/posts\/32203\/revisions"}],"predecessor-version":[{"id":32208,"href":"https:\/\/acontecenafronteira.com.br\/index.php\/wp-json\/wp\/v2\/posts\/32203\/revisions\/32208"}],"wp:featuredmedia":[{"embeddable":true,"href":"https:\/\/acontecenafronteira.com.br\/index.php\/wp-json\/wp\/v2\/media\/32209"}],"wp:attachment":[{"href":"https:\/\/acontecenafronteira.com.br\/index.php\/wp-json\/wp\/v2\/media?parent=32203"}],"wp:term":[{"taxonomy":"category","embeddable":true,"href":"https:\/\/acontecenafronteira.com.br\/index.php\/wp-json\/wp\/v2\/categories?post=32203"},{"taxonomy":"post_tag","embeddable":true,"href":"https:\/\/acontecenafronteira.com.br\/index.php\/wp-json\/wp\/v2\/tags?post=32203"}],"curies":[{"name":"wp","href":"https:\/\/api.w.org\/{rel}","templated":true}]}}