{"id":32202,"date":"2026-08-31T05:36:19","date_gmt":"2026-08-31T08:36:19","guid":{"rendered":"https:\/\/acontecenafronteira.com.br\/?p=32202"},"modified":"2026-08-31T05:36:19","modified_gmt":"2026-08-31T08:36:19","slug":"onu-defende-obrigatoriedade-de-reparacoes-pela-escravidao","status":"publish","type":"post","link":"https:\/\/acontecenafronteira.com.br\/index.php\/2026\/08\/31\/onu-defende-obrigatoriedade-de-reparacoes-pela-escravidao\/","title":{"rendered":"ONU defende obrigatoriedade de repara\u00e7\u00f5es pela escravid\u00e3o"},"content":{"rendered":"<p>Um comit\u00ea das Na\u00e7\u00f5es Unidas determinou nesta segunda-feira que os governos devem assumir obriga\u00e7\u00f5es legais para compensar os preju\u00edzos gerados pela participa\u00e7\u00e3o direta ou indireta no tr\u00e1fico transatl\u00e2ntico de africanos escravizados.<\/p>\n<h2>O escopo da justi\u00e7a reparat\u00f3ria<\/h2>\n<p>O Comit\u00ea para a Elimina\u00e7\u00e3o da Discrimina\u00e7\u00e3o Racial (Cerd) destacou que as na\u00e7\u00f5es signat\u00e1rias precisam aplicar estrat\u00e9gias amplas que unam frentes financeiras, institucionais e sociais para amparar a popula\u00e7\u00e3o afrodescendente.<\/p>\n<h2>O alcance do tratado internacional<\/h2>\n<p>Formado por 18 especialistas aut\u00f4nomos em direitos humanos, o Cerd monitora a execu\u00e7\u00e3o da Conven\u00e7\u00e3o Internacional sobre a Elimina\u00e7\u00e3o de Todas as Formas de Discrimina\u00e7\u00e3o Racial, criada em 1969.<\/p>\n<p>Atualmente, o pacto conta com 182 na\u00e7\u00f5es signat\u00e1rias, incluindo pot\u00eancias como Estados Unidos, Reino Unido, Fran\u00e7a e Portugal, que tiveram pap\u00e9is centrais no com\u00e9rcio de pessoas escravizadas entre os s\u00e9culos XVI e XIX.<\/p>\n<h2>O peso pol\u00edtico da recomenda\u00e7\u00e3o<\/h2>\n<p>Mesmo que a diretriz do comit\u00ea n\u00e3o possua for\u00e7a de lei obrigat\u00f3ria, a especialista em direitos humanos Pela Boker-Wilson destacou que o parecer carrega enorme relev\u00e2ncia moral e jur\u00eddica para o debate internacional.<\/p>\n<p>A discuss\u00e3o ganha tra\u00e7\u00e3o ap\u00f3s a Assembleia Geral da ONU aprovar uma resolu\u00e7\u00e3o hist\u00f3rica que classifica o com\u00e9rcio negreiro como o pior crime contra a humanidade, impulsionando um movimento global por repara\u00e7\u00e3o que ultrapassa as fronteiras norte-americanas.<\/p>\n<p>Por Reda\u00e7\u00e3o Acontece<\/p>\n<p>Foto: Divulga\u00e7\u00e3o\/ONU<\/p>\n","protected":false},"excerpt":{"rendered":"<p>Um comit\u00ea das Na\u00e7\u00f5es Unidas determinou nesta segunda-feira que os governos devem assumir obriga\u00e7\u00f5es legais para compensar os preju\u00edzos gerados pela participa\u00e7\u00e3o direta ou indireta no tr\u00e1fico transatl\u00e2ntico de africanos escravizados. O escopo da justi\u00e7a reparat\u00f3ria O Comit\u00ea para a Elimina\u00e7\u00e3o da Discrimina\u00e7\u00e3o Racial (Cerd) destacou que as na\u00e7\u00f5es signat\u00e1rias precisam aplicar estrat\u00e9gias amplas que [&hellip;]<\/p>\n","protected":false},"author":0,"featured_media":32207,"comment_status":"open","ping_status":"open","sticky":false,"template":"","format":"standard","meta":{"footnotes":""},"categories":[28],"tags":[],"class_list":["post-32202","post","type-post","status-publish","format-standard","has-post-thumbnail","hentry","category-mundo"],"_links":{"self":[{"href":"https:\/\/acontecenafronteira.com.br\/index.php\/wp-json\/wp\/v2\/posts\/32202","targetHints":{"allow":["GET"]}}],"collection":[{"href":"https:\/\/acontecenafronteira.com.br\/index.php\/wp-json\/wp\/v2\/posts"}],"about":[{"href":"https:\/\/acontecenafronteira.com.br\/index.php\/wp-json\/wp\/v2\/types\/post"}],"replies":[{"embeddable":true,"href":"https:\/\/acontecenafronteira.com.br\/index.php\/wp-json\/wp\/v2\/comments?post=32202"}],"version-history":[{"count":1,"href":"https:\/\/acontecenafronteira.com.br\/index.php\/wp-json\/wp\/v2\/posts\/32202\/revisions"}],"predecessor-version":[{"id":32206,"href":"https:\/\/acontecenafronteira.com.br\/index.php\/wp-json\/wp\/v2\/posts\/32202\/revisions\/32206"}],"wp:featuredmedia":[{"embeddable":true,"href":"https:\/\/acontecenafronteira.com.br\/index.php\/wp-json\/wp\/v2\/media\/32207"}],"wp:attachment":[{"href":"https:\/\/acontecenafronteira.com.br\/index.php\/wp-json\/wp\/v2\/media?parent=32202"}],"wp:term":[{"taxonomy":"category","embeddable":true,"href":"https:\/\/acontecenafronteira.com.br\/index.php\/wp-json\/wp\/v2\/categories?post=32202"},{"taxonomy":"post_tag","embeddable":true,"href":"https:\/\/acontecenafronteira.com.br\/index.php\/wp-json\/wp\/v2\/tags?post=32202"}],"curies":[{"name":"wp","href":"https:\/\/api.w.org\/{rel}","templated":true}]}}