{"id":32199,"date":"2026-08-31T05:36:12","date_gmt":"2026-08-31T08:36:12","guid":{"rendered":"https:\/\/acontecenafronteira.com.br\/?p=32199"},"modified":"2026-08-31T05:36:12","modified_gmt":"2026-08-31T08:36:12","slug":"casal-do-parana-cruza-as-americas-de-bicicleta-rumo-ao-alasca","status":"publish","type":"post","link":"https:\/\/acontecenafronteira.com.br\/index.php\/2026\/08\/31\/casal-do-parana-cruza-as-americas-de-bicicleta-rumo-ao-alasca\/","title":{"rendered":"Casal do Paran\u00e1 cruza as Am\u00e9ricas de bicicleta rumo ao Alasca"},"content":{"rendered":"<p>Dois anos e quatro meses de pedaladas cont\u00ednuas transformaram a rotina de Bruna Pionoski Cardoso e Jonas de Paula e Silva, ambos de 35 anos. O casal origin\u00e1rio de S\u00e3o Mateus do Sul, no Paran\u00e1, percorreu cerca de 27 mil quil\u00f4metros e atravessou 18 pa\u00edses at\u00e9 alcan\u00e7ar o Alasca, concretizando uma travessia completa do continente americano sobre duas rodas.<\/p>\n<h2>O in\u00edcio da jornada e a guinada na pandemia<\/h2>\n<p>Antes de abandonarem suas antigas rotinas, Bruna atuava no segmento de marketing digital e Jonas trabalhava como servidor p\u00fablico na Companhia de Saneamento do Paran\u00e1 (Sanepar). O isolamento imposto pela pandemia da Covid-19 provocou uma profunda reflex\u00e3o sobre prioridades, levando-os a antecipar o plano de <b>viajar pelo mundo<\/b> que costumavam adiar para a aposentadoria.<\/p>\n<p>Para viabilizar o projeto, foram necess\u00e1rios dois anos de rigorosa prepara\u00e7\u00e3o financeira, al\u00e9m da venda de bens materiais, incluindo o carro, m\u00f3veis e eletrodom\u00e9sticos. Com a economia garantida e empregos encerrados, eles deixaram o solo paranaense em maio de 2024 rumo ao extremo sul do planeta.<\/p>\n<h2>De Ushuaia ao Alasca de bicicleta<\/h2>\n<p>A primeira grande meta foi atingida em janeiro de 2025, quando chegaram a Ushuaia, na Argentina, conhecida como a cidade continental mais austral da Terra. A partir desse ponto, inverteram a dire\u00e7\u00e3o e come\u00e7aram a subir o continente, cruzando toda a Am\u00e9rica do Sul, Am\u00e9rica Central e parte da Am\u00e9rica do Norte at\u00e9 alcan\u00e7arem a fronteira do Alasca em agosto de 2026.<\/p>\n<p>Optar pela bicicleta como meio de transporte principal n\u00e3o ocorreu por acaso. Al\u00e9m do gosto pelo esporte e pelo montanhismo, a dupla destacou que o ve\u00edculo funciona como um verdadeiro passaporte para a aproxima\u00e7\u00e3o com as comunidades locais.<\/p>\n<h2>A vida sobre rodas e o fator humano<\/h2>\n<p>A rotina na estrada exigia minimalismo extremo. Na bagagem das bicicletas, o casal transportava apenas itens essenciais, como barraca, sacos de dormir, isolantes t\u00e9rmicos, utens\u00edlios compactos de cozinha e poucas mudas de roupa. A maior parte das noites era passada em acampamentos improvisados em \u00e1reas isoladas, complementada por eventuais paradas em hospedagens tradicionais.<\/p>\n<p>Apesar dos desafios f\u00edsicos \u2014 como uma antiga les\u00e3o no ombro de Jonas \u2014, ambos ressaltam que o maior tesouro da expedi\u00e7\u00e3o foi a generosidade das pessoas encontradas ao longo dos 18 pa\u00edses visitados.<\/p>\n<h2>O retorno e os planos para o futuro<\/h2>\n<p>Com o t\u00e9rmino oficial da pedalada no Alasca, o planejamento de retorno envolve voos at\u00e9 os Estados Unidos e, na sequ\u00eancia, para S\u00e3o Paulo, onde pretendem participar de um encontro de ciclovajantes. A \u00faltima etapa at\u00e9 o Paran\u00e1, contudo, ser\u00e1 feita novamente pedalando.<\/p>\n<p>Ap\u00f3s um per\u00edodo de descanso de dois meses em sua cidade natal e a transi\u00e7\u00e3o para novas carreiras profissionais, o casal j\u00e1 mira horizontes ainda mais ambiciosos. A meta a longo prazo \u00e9 ambiciosa: conhecer todos os continentes do planeta, mantendo a <b>bicicleta<\/b> como sua principal companheira de estrada.<\/p>\n<p>Por Reda\u00e7\u00e3o Acontece<\/p>\n<p>Arquivo pessoal \/ Divulga\u00e7\u00e3o<\/p>\n","protected":false},"excerpt":{"rendered":"<p>Dois anos e quatro meses de pedaladas cont\u00ednuas transformaram a rotina de Bruna Pionoski Cardoso e Jonas de Paula e Silva, ambos de 35 anos. O casal origin\u00e1rio de S\u00e3o Mateus do Sul, no Paran\u00e1, percorreu cerca de 27 mil quil\u00f4metros e atravessou 18 pa\u00edses at\u00e9 alcan\u00e7ar o Alasca, concretizando uma travessia completa do continente [&hellip;]<\/p>\n","protected":false},"author":0,"featured_media":32201,"comment_status":"open","ping_status":"open","sticky":false,"template":"","format":"standard","meta":{"footnotes":""},"categories":[18],"tags":[],"class_list":["post-32199","post","type-post","status-publish","format-standard","has-post-thumbnail","hentry","category-parana"],"_links":{"self":[{"href":"https:\/\/acontecenafronteira.com.br\/index.php\/wp-json\/wp\/v2\/posts\/32199","targetHints":{"allow":["GET"]}}],"collection":[{"href":"https:\/\/acontecenafronteira.com.br\/index.php\/wp-json\/wp\/v2\/posts"}],"about":[{"href":"https:\/\/acontecenafronteira.com.br\/index.php\/wp-json\/wp\/v2\/types\/post"}],"replies":[{"embeddable":true,"href":"https:\/\/acontecenafronteira.com.br\/index.php\/wp-json\/wp\/v2\/comments?post=32199"}],"version-history":[{"count":1,"href":"https:\/\/acontecenafronteira.com.br\/index.php\/wp-json\/wp\/v2\/posts\/32199\/revisions"}],"predecessor-version":[{"id":32200,"href":"https:\/\/acontecenafronteira.com.br\/index.php\/wp-json\/wp\/v2\/posts\/32199\/revisions\/32200"}],"wp:featuredmedia":[{"embeddable":true,"href":"https:\/\/acontecenafronteira.com.br\/index.php\/wp-json\/wp\/v2\/media\/32201"}],"wp:attachment":[{"href":"https:\/\/acontecenafronteira.com.br\/index.php\/wp-json\/wp\/v2\/media?parent=32199"}],"wp:term":[{"taxonomy":"category","embeddable":true,"href":"https:\/\/acontecenafronteira.com.br\/index.php\/wp-json\/wp\/v2\/categories?post=32199"},{"taxonomy":"post_tag","embeddable":true,"href":"https:\/\/acontecenafronteira.com.br\/index.php\/wp-json\/wp\/v2\/tags?post=32199"}],"curies":[{"name":"wp","href":"https:\/\/api.w.org\/{rel}","templated":true}]}}