{"id":32190,"date":"2026-08-31T04:36:58","date_gmt":"2026-08-31T07:36:58","guid":{"rendered":"https:\/\/acontecenafronteira.com.br\/?p=32190"},"modified":"2026-08-31T04:36:58","modified_gmt":"2026-08-31T07:36:58","slug":"impeachment-de-dilma-completa-10-anos-e-redefiniu-a-politica","status":"publish","type":"post","link":"https:\/\/acontecenafronteira.com.br\/index.php\/2026\/08\/31\/impeachment-de-dilma-completa-10-anos-e-redefiniu-a-politica\/","title":{"rendered":"Impeachment de Dilma completa 10 anos e redefiniu a pol\u00edtica"},"content":{"rendered":"<p>A queda da presidente Dilma Rousseff, consolidada em 31 de agosto de 2016, representou muito mais do que a destitui\u00e7\u00e3o de um governo. O epis\u00f3dio desencadeou uma profunda reconfigura\u00e7\u00e3o institucional que moldou a \u00faltima d\u00e9cada no pa\u00eds, consolidando uma intensa polariza\u00e7\u00e3o e redefinindo as for\u00e7as pol\u00edticas tradicionais.<\/p>\n<p>H2 As ra\u00edzes da crise e as Jornadas de Junho<\/p>\n<p>Para compreender o desfecho daquele agosto, \u00e9 fundamental retroceder at\u00e9 2013. Em junho daquele ano, milh\u00f5es de cidad\u00e3os tomaram as ruas para protestar inicialmente contra o reajuste nas tarifas do transporte p\u00fablico, expandindo rapidamente o foco para o combate \u00e0 corrup\u00e7\u00e3o e cr\u00edticas ao sistema pol\u00edtico. Essa onda de insatisfa\u00e7\u00e3o popular gerou um cen\u00e1rio de instabilidade que, na avalia\u00e7\u00e3o de especialistas, pavimentou o caminho para o desgaste do governo federal.<\/p>\n<p>O ambiente de tens\u00e3o atingiu o \u00e1pice durante a disputa eleitoral de 2014, quando Dilma foi reeleita em um dos pleitos mais apertados da hist\u00f3ria republicana brasileira. Paralelamente, o agravamento da economia nacional e o avan\u00e7o das investiga\u00e7\u00f5es da Opera\u00e7\u00e3o Lava Jato corroeram a sustentabilidade pol\u00edtica do mandato presidencial, unindo insatisfa\u00e7\u00e3o popular, crise fiscal e press\u00f5es institucionais.<\/p>\n<p>H2 A press\u00e3o das ruas e a decis\u00e3o no Congresso<\/p>\n<p>A mobiliza\u00e7\u00e3o popular ganhou contornos hist\u00f3ricos em 2015, quando lideran\u00e7as do Movimento Brasil Livre (MBL), como Kim Kataguiri e Renan Santos, organizaram a Marcha pela Liberdade. O grupo percorreu mais de mil quil\u00f4metros a p\u00e9 de S\u00e3o Paulo at\u00e9 Bras\u00edlia, simbolizando o crescimento do sentimento anti-petista e dando protagonismo \u00e0 sociedade civil organizada.<\/p>\n<p>Simultaneamente, a articula\u00e7\u00e3o pol\u00edtica dentro do Poder Legislativo encontrou seu ponto de virada quando o ent\u00e3o presidente da C\u00e2mara dos Deputados, Eduardo Cunha, aceitou formalmente a den\u00fancia por crime de responsabilidade fiscal. As acusa\u00e7\u00f5es apontavam o descumprimento de normas or\u00e7ament\u00e1rias, as chamadas pedaladas fiscais. Enquanto juristas defendiam a legalidade do processo, a defesa presidencial, liderada por Jos\u00e9 Eduardo Cardozo, sempre classificou a medida como uma ruptura constitucional e um golpe de Estado motivado por retalia\u00e7\u00e3o pol\u00edtica.<\/p>\n<p>H2 A ascens\u00e3o de Jair Bolsonaro e o novo mapa pol\u00edtico<\/p>\n<p>A vota\u00e7\u00e3o do processo na C\u00e2mara, em abril de 2016, marcou a proje\u00e7\u00e3o nacional de Jair Bolsonaro, at\u00e9 ent\u00e3o um deputado de atua\u00e7\u00e3o discreta. Ao declarar seu voto com uma homenagem a um militar ligado ao regime autorit\u00e1rio, ele capturou o descontentamento de uma parcela expressiva do eleitorado, construindo a base que o levaria \u00e0 Presid\u00eancia da Rep\u00fablica em 2018.<\/p>\n<p>Al\u00e9m disso, o Congresso Nacional emergiu do processo com maior centralidade institucional, enquanto a sociedade brasileira se viu dividida em dois grandes blocos ideol\u00f3gicos.<\/p>\n<p>Passada uma d\u00e9cada, o evento continua cercado de diverg\u00eancias sobre sua legitimidade jur\u00eddica e hist\u00f3rica, mas permanece como o principal divisor de \u00e1guas da pol\u00edtica moderna do pa\u00eds.<\/p>\n<p>Por Reda\u00e7\u00e3o Acontece<\/p>\n<p>Cr\u00e9ditos da imagem: Reprodu\u00e7\u00e3o \/ Ag\u00eancia Brasil<\/p>\n","protected":false},"excerpt":{"rendered":"<p>A queda da presidente Dilma Rousseff, consolidada em 31 de agosto de 2016, representou muito mais do que a destitui\u00e7\u00e3o de um governo. O epis\u00f3dio desencadeou uma profunda reconfigura\u00e7\u00e3o institucional que moldou a \u00faltima d\u00e9cada no pa\u00eds, consolidando uma intensa polariza\u00e7\u00e3o e redefinindo as for\u00e7as pol\u00edticas tradicionais. H2 As ra\u00edzes da crise e as Jornadas [&hellip;]<\/p>\n","protected":false},"author":0,"featured_media":32198,"comment_status":"open","ping_status":"open","sticky":false,"template":"","format":"standard","meta":{"footnotes":""},"categories":[6],"tags":[],"class_list":["post-32190","post","type-post","status-publish","format-standard","has-post-thumbnail","hentry","category-mercosul"],"_links":{"self":[{"href":"https:\/\/acontecenafronteira.com.br\/index.php\/wp-json\/wp\/v2\/posts\/32190","targetHints":{"allow":["GET"]}}],"collection":[{"href":"https:\/\/acontecenafronteira.com.br\/index.php\/wp-json\/wp\/v2\/posts"}],"about":[{"href":"https:\/\/acontecenafronteira.com.br\/index.php\/wp-json\/wp\/v2\/types\/post"}],"replies":[{"embeddable":true,"href":"https:\/\/acontecenafronteira.com.br\/index.php\/wp-json\/wp\/v2\/comments?post=32190"}],"version-history":[{"count":1,"href":"https:\/\/acontecenafronteira.com.br\/index.php\/wp-json\/wp\/v2\/posts\/32190\/revisions"}],"predecessor-version":[{"id":32197,"href":"https:\/\/acontecenafronteira.com.br\/index.php\/wp-json\/wp\/v2\/posts\/32190\/revisions\/32197"}],"wp:featuredmedia":[{"embeddable":true,"href":"https:\/\/acontecenafronteira.com.br\/index.php\/wp-json\/wp\/v2\/media\/32198"}],"wp:attachment":[{"href":"https:\/\/acontecenafronteira.com.br\/index.php\/wp-json\/wp\/v2\/media?parent=32190"}],"wp:term":[{"taxonomy":"category","embeddable":true,"href":"https:\/\/acontecenafronteira.com.br\/index.php\/wp-json\/wp\/v2\/categories?post=32190"},{"taxonomy":"post_tag","embeddable":true,"href":"https:\/\/acontecenafronteira.com.br\/index.php\/wp-json\/wp\/v2\/tags?post=32190"}],"curies":[{"name":"wp","href":"https:\/\/api.w.org\/{rel}","templated":true}]}}