{"id":32189,"date":"2026-08-31T04:36:43","date_gmt":"2026-08-31T07:36:43","guid":{"rendered":"https:\/\/acontecenafronteira.com.br\/?p=32189"},"modified":"2026-08-31T04:36:43","modified_gmt":"2026-08-31T07:36:43","slug":"crise-diplomatica-aval-de-lula-basta-para-devolver-canhao","status":"publish","type":"post","link":"https:\/\/acontecenafronteira.com.br\/index.php\/2026\/08\/31\/crise-diplomatica-aval-de-lula-basta-para-devolver-canhao\/","title":{"rendered":"Crise diplom\u00e1tica: aval de Lula basta para devolver canh\u00e3o?"},"content":{"rendered":"<p>Apesar de o presidente Luiz In\u00e1cio Lula da Silva ter sinalizado ao ministro da Defesa, Jos\u00e9 M\u00facio, que concorda com a restitui\u00e7\u00e3o de um hist\u00f3rico canh\u00e3o de guerra ao Paraguai, o aval do chefe do Executivo pode n\u00e3o ser suficiente para concretizar a medida diante de impasses burocr\u00e1ticos e legais.<\/p>\n<h2>A reivindica\u00e7\u00e3o hist\u00f3rica e o atrito diplom\u00e1tico<\/h2>\n<p>O governo paraguaio voltou a exigir publicamente a entrega do canh\u00e3o Presidente L\u00f3pez, do obuseiro El Cristiano e de outros artefatos obtidos pelo Brasil como trof\u00e9us durante a Guerra da Tr\u00edplice Alian\u00e7a. A cobran\u00e7a ganhou for\u00e7a ap\u00f3s recentes declara\u00e7\u00f5es de Lula sobre o conflito do s\u00e9culo 19, que foram interpretadas por Assun\u00e7\u00e3o como um gesto que reabre feridas antigas, condicionando a devolu\u00e7\u00e3o das pe\u00e7as a uma repara\u00e7\u00e3o hist\u00f3rica.<\/p>\n<p>Atualmente, o famoso obuseiro El Cristiano est\u00e1 exposto no Museu Hist\u00f3rico Nacional, no Rio de Janeiro, e possui status de patrim\u00f4nio cultural tombado desde 1998, o que cria barreiras jur\u00eddicas r\u00edgidas para a sua transfer\u00eancia internacional.<\/p>\n<h2>Os obst\u00e1culos do tombamento federal<\/h2>\n<p>De acordo com as normas que regem o Instituto do Patrim\u00f4nio Hist\u00f3rico e Art\u00edstico Nacional (Iphan), autarquia vinculada ao Minist\u00e9rio da Cultura, qualquer tentativa de repassar a pe\u00e7a exige, primeiramente, a anula\u00e7\u00e3o do seu tombamento federal, processo regulamentado por legisla\u00e7\u00f5es que remontam \u00e0s d\u00e9cadas de 1930 e 1941.<\/p>\n<p>Especialistas em direito internacional apontam que o destombamento representa apenas a remo\u00e7\u00e3o da prote\u00e7\u00e3o cultural do item b\u00e9lico. A subsequente remo\u00e7\u00e3o do objeto para solo paraguaio configuraria um segundo ato jur\u00eddico complexo, cuja efetiva\u00e7\u00e3o pode demandar inclusive o aval do Congresso Nacional, dependendo do mecanismo legal adotado pelo governo brasileiro.<\/p>\n<p>Por Reda\u00e7\u00e3o Acontece<\/p>\n<p>Imagem: Divulga\u00e7\u00e3o\/Museu Hist\u00f3rico Nacional<\/p>\n","protected":false},"excerpt":{"rendered":"<p>Apesar de o presidente Luiz In\u00e1cio Lula da Silva ter sinalizado ao ministro da Defesa, Jos\u00e9 M\u00facio, que concorda com a restitui\u00e7\u00e3o de um hist\u00f3rico canh\u00e3o de guerra ao Paraguai, o aval do chefe do Executivo pode n\u00e3o ser suficiente para concretizar a medida diante de impasses burocr\u00e1ticos e legais. A reivindica\u00e7\u00e3o hist\u00f3rica e o [&hellip;]<\/p>\n","protected":false},"author":0,"featured_media":32196,"comment_status":"open","ping_status":"open","sticky":false,"template":"","format":"standard","meta":{"footnotes":""},"categories":[6],"tags":[],"class_list":["post-32189","post","type-post","status-publish","format-standard","has-post-thumbnail","hentry","category-mercosul"],"_links":{"self":[{"href":"https:\/\/acontecenafronteira.com.br\/index.php\/wp-json\/wp\/v2\/posts\/32189","targetHints":{"allow":["GET"]}}],"collection":[{"href":"https:\/\/acontecenafronteira.com.br\/index.php\/wp-json\/wp\/v2\/posts"}],"about":[{"href":"https:\/\/acontecenafronteira.com.br\/index.php\/wp-json\/wp\/v2\/types\/post"}],"replies":[{"embeddable":true,"href":"https:\/\/acontecenafronteira.com.br\/index.php\/wp-json\/wp\/v2\/comments?post=32189"}],"version-history":[{"count":1,"href":"https:\/\/acontecenafronteira.com.br\/index.php\/wp-json\/wp\/v2\/posts\/32189\/revisions"}],"predecessor-version":[{"id":32195,"href":"https:\/\/acontecenafronteira.com.br\/index.php\/wp-json\/wp\/v2\/posts\/32189\/revisions\/32195"}],"wp:featuredmedia":[{"embeddable":true,"href":"https:\/\/acontecenafronteira.com.br\/index.php\/wp-json\/wp\/v2\/media\/32196"}],"wp:attachment":[{"href":"https:\/\/acontecenafronteira.com.br\/index.php\/wp-json\/wp\/v2\/media?parent=32189"}],"wp:term":[{"taxonomy":"category","embeddable":true,"href":"https:\/\/acontecenafronteira.com.br\/index.php\/wp-json\/wp\/v2\/categories?post=32189"},{"taxonomy":"post_tag","embeddable":true,"href":"https:\/\/acontecenafronteira.com.br\/index.php\/wp-json\/wp\/v2\/tags?post=32189"}],"curies":[{"name":"wp","href":"https:\/\/api.w.org\/{rel}","templated":true}]}}