{"id":32178,"date":"2026-08-31T04:36:28","date_gmt":"2026-08-31T07:36:28","guid":{"rendered":"https:\/\/acontecenafronteira.com.br\/?p=32178"},"modified":"2026-08-31T04:36:28","modified_gmt":"2026-08-31T07:36:28","slug":"medico-cria-receitas-ilustradas-para-pacientes-com-baixa-leitura","status":"publish","type":"post","link":"https:\/\/acontecenafronteira.com.br\/index.php\/2026\/08\/31\/medico-cria-receitas-ilustradas-para-pacientes-com-baixa-leitura\/","title":{"rendered":"M\u00e9dico cria receitas ilustradas para pacientes com baixa leitura"},"content":{"rendered":"<p>Uma iniciativa simples e humanizada tem transformado a ades\u00e3o de pacientes ao tratamento m\u00e9dico na rede p\u00fablica de Petrolina, em Pernambuco.<\/p>\n<h2>O desafio da comunica\u00e7\u00e3o na sa\u00fade b\u00e1sica<\/h2>\n<p>Durante a faculdade, o m\u00e9dico Lucas Cardim, atualmente com 39 anos, identificou um obst\u00e1culo silencioso no atendimento \u00e0 popula\u00e7\u00e3o carente: a dificuldade de compreens\u00e3o das prescri\u00e7\u00f5es m\u00e9dicas tradicionais.<\/p>\n<p>Em vez de esbarrar na famosa caligrafia ileg\u00edvel dos profissionais da sa\u00fade, o grande entrave para que as pessoas conseguissem seguir os tratamentos em casa era a barreira do analfabetismo ou a baixa escolaridade.<\/p>\n<h2>A solu\u00e7\u00e3o criativa que conquistou a internet<\/h2>\n<p>Para resolver esse problema de acessibilidade, o m\u00e9dico passou a adotar ilustra\u00e7\u00f5es nas receitas, transformando orienta\u00e7\u00f5es complexas em s\u00edmbolos visuais f\u00e1ceis de entender.<\/p>\n<p>A ideia inovadora rapidamente ultrapassou os consult\u00f3rios pernambucanos, ganhou espa\u00e7o na internet e hoje ajuda a orientar pacientes em diferentes regi\u00f5es do pa\u00eds.<\/p>\n<p>Essa abordagem inclusiva demonstra como a empatia e a inova\u00e7\u00e3o na comunica\u00e7\u00e3o podem superar barreiras sociais e melhorar diretamente a qualidade de vida e a sa\u00fade da popula\u00e7\u00e3o vulner\u00e1vel.<\/p>\n<p>Por Reda\u00e7\u00e3o Acontece<\/p>\n<p>Cr\u00e9ditos da imagem: Pixabay<\/p>\n","protected":false},"excerpt":{"rendered":"<p>Uma iniciativa simples e humanizada tem transformado a ades\u00e3o de pacientes ao tratamento m\u00e9dico na rede p\u00fablica de Petrolina, em Pernambuco. O desafio da comunica\u00e7\u00e3o na sa\u00fade b\u00e1sica Durante a faculdade, o m\u00e9dico Lucas Cardim, atualmente com 39 anos, identificou um obst\u00e1culo silencioso no atendimento \u00e0 popula\u00e7\u00e3o carente: a dificuldade de compreens\u00e3o das prescri\u00e7\u00f5es m\u00e9dicas [&hellip;]<\/p>\n","protected":false},"author":0,"featured_media":32186,"comment_status":"open","ping_status":"open","sticky":false,"template":"","format":"standard","meta":{"footnotes":""},"categories":[28],"tags":[],"class_list":["post-32178","post","type-post","status-publish","format-standard","has-post-thumbnail","hentry","category-mundo"],"_links":{"self":[{"href":"https:\/\/acontecenafronteira.com.br\/index.php\/wp-json\/wp\/v2\/posts\/32178","targetHints":{"allow":["GET"]}}],"collection":[{"href":"https:\/\/acontecenafronteira.com.br\/index.php\/wp-json\/wp\/v2\/posts"}],"about":[{"href":"https:\/\/acontecenafronteira.com.br\/index.php\/wp-json\/wp\/v2\/types\/post"}],"replies":[{"embeddable":true,"href":"https:\/\/acontecenafronteira.com.br\/index.php\/wp-json\/wp\/v2\/comments?post=32178"}],"version-history":[{"count":1,"href":"https:\/\/acontecenafronteira.com.br\/index.php\/wp-json\/wp\/v2\/posts\/32178\/revisions"}],"predecessor-version":[{"id":32185,"href":"https:\/\/acontecenafronteira.com.br\/index.php\/wp-json\/wp\/v2\/posts\/32178\/revisions\/32185"}],"wp:featuredmedia":[{"embeddable":true,"href":"https:\/\/acontecenafronteira.com.br\/index.php\/wp-json\/wp\/v2\/media\/32186"}],"wp:attachment":[{"href":"https:\/\/acontecenafronteira.com.br\/index.php\/wp-json\/wp\/v2\/media?parent=32178"}],"wp:term":[{"taxonomy":"category","embeddable":true,"href":"https:\/\/acontecenafronteira.com.br\/index.php\/wp-json\/wp\/v2\/categories?post=32178"},{"taxonomy":"post_tag","embeddable":true,"href":"https:\/\/acontecenafronteira.com.br\/index.php\/wp-json\/wp\/v2\/tags?post=32178"}],"curies":[{"name":"wp","href":"https:\/\/api.w.org\/{rel}","templated":true}]}}