{"id":32177,"date":"2026-08-31T04:36:24","date_gmt":"2026-08-31T07:36:24","guid":{"rendered":"https:\/\/acontecenafronteira.com.br\/?p=32177"},"modified":"2026-08-31T04:36:24","modified_gmt":"2026-08-31T07:36:24","slug":"isis-valverde-e-o-tdah-como-a-atriz-lida-com-o-transtorno","status":"publish","type":"post","link":"https:\/\/acontecenafronteira.com.br\/index.php\/2026\/08\/31\/isis-valverde-e-o-tdah-como-a-atriz-lida-com-o-transtorno\/","title":{"rendered":"Isis Valverde e o TDAH: como a atriz lida com o transtorno"},"content":{"rendered":"<p>A pr\u00e1tica de atividades f\u00edsicas virou uma aliada fundamental na rotina da atriz Isis Valverde para gerenciar os sintomas do <b>Transtorno do D\u00e9ficit de Aten\u00e7\u00e3o com Hiperatividade (TDAH)<\/b>, condi\u00e7\u00e3o diagnosticada ainda em sua inf\u00e2ncia.<\/p>\n<h2>Estrat\u00e9gias di\u00e1rias e o papel dos famosos<\/h2>\n<p>Para organizar os pensamentos e manter o foco, a artista encontrou na ioga e na muscula\u00e7\u00e3o uma maneira eficaz de movimentar o f\u00edsico.<\/p>\n<p>O relato da famosa se une ao de outras personalidades que recentemente decidiram abrir o jogo sobre o tema, tirando dos consult\u00f3rios um debate repleto de estigmas e equ\u00edvocos.<\/p>\n<h2>O impacto das redes e o cen\u00e1rio cl\u00ednico<\/h2>\n<p>A visibilidade trazida por influenciadores e celebridades ajuda a expandir o di\u00e1logo, mas especialistas alertam sobre a necessidade de separar viv\u00eancias individuais de orienta\u00e7\u00f5es m\u00e9dicas precisas.<\/p>\n<p>O transtorno \u00e9 caracterizado como uma altera\u00e7\u00e3o do neurodesenvolvimento, marcada por padr\u00f5es cont\u00ednuos de impulsividade, desaten\u00e7\u00e3o e hiperatividade que afetam diretamente o \u00e2mbito social, profissional e acad\u00eamico dos pacientes.<\/p>\n<p>Conforme o indiv\u00edduo envelhece, os sinais mudam de figura. Na fase adulta, a hiperatividade costuma se manifestar como uma sensa\u00e7\u00e3o constante de inquieta\u00e7\u00e3o, ao passo que falhas no planejamento e na organiza\u00e7\u00e3o di\u00e1ria ganham mais destaque.<\/p>\n<h2>Como \u00e9 feito o diagn\u00f3stico do TDAH<\/h2>\n<p>Identificar a condi\u00e7\u00e3o exige uma investiga\u00e7\u00e3o cl\u00ednica minuciosa, j\u00e1 que n\u00e3o existe um exame laboratorial espec\u00edfico para essa finalidade.<\/p>\n<p>O processo envolve analisar o hist\u00f3rico do paciente, a gravidade dos sinais e o preju\u00edzo real na rotina, al\u00e9m de excluir outras hip\u00f3teses cl\u00ednicas com manifesta\u00e7\u00f5es parecidas. Distra\u00e7\u00e3o pontual ou epis\u00f3dios isolados de inquieta\u00e7\u00e3o n\u00e3o bastam para fechar o quadro.<\/p>\n<h2>Alternativas de tratamento e cuidados<\/h2>\n<p>O protocolo terap\u00eautico \u00e9 individualizado, podendo combinar acompanhamento psicol\u00f3gico, interven\u00e7\u00f5es comportamentais e uso de f\u00e1rmacos, sempre sob supervis\u00e3o multidisciplinar.<\/p>\n<p>Embora o Minist\u00e9rio da Sa\u00fade recomende a atividade f\u00edsica regular como parte do suporte, a muscula\u00e7\u00e3o ou a ioga funcionam como complementos e jamais substituem o acompanhamento m\u00e9dico especializado.<\/p>\n<p>Por Reda\u00e7\u00e3o Acontece<\/p>\n<p>Foto: Divulga\u00e7\u00e3o<\/p>\n","protected":false},"excerpt":{"rendered":"<p>A pr\u00e1tica de atividades f\u00edsicas virou uma aliada fundamental na rotina da atriz Isis Valverde para gerenciar os sintomas do Transtorno do D\u00e9ficit de Aten\u00e7\u00e3o com Hiperatividade (TDAH), condi\u00e7\u00e3o diagnosticada ainda em sua inf\u00e2ncia. Estrat\u00e9gias di\u00e1rias e o papel dos famosos Para organizar os pensamentos e manter o foco, a artista encontrou na ioga e [&hellip;]<\/p>\n","protected":false},"author":0,"featured_media":32184,"comment_status":"open","ping_status":"open","sticky":false,"template":"","format":"standard","meta":{"footnotes":""},"categories":[28],"tags":[],"class_list":["post-32177","post","type-post","status-publish","format-standard","has-post-thumbnail","hentry","category-mundo"],"_links":{"self":[{"href":"https:\/\/acontecenafronteira.com.br\/index.php\/wp-json\/wp\/v2\/posts\/32177","targetHints":{"allow":["GET"]}}],"collection":[{"href":"https:\/\/acontecenafronteira.com.br\/index.php\/wp-json\/wp\/v2\/posts"}],"about":[{"href":"https:\/\/acontecenafronteira.com.br\/index.php\/wp-json\/wp\/v2\/types\/post"}],"replies":[{"embeddable":true,"href":"https:\/\/acontecenafronteira.com.br\/index.php\/wp-json\/wp\/v2\/comments?post=32177"}],"version-history":[{"count":1,"href":"https:\/\/acontecenafronteira.com.br\/index.php\/wp-json\/wp\/v2\/posts\/32177\/revisions"}],"predecessor-version":[{"id":32183,"href":"https:\/\/acontecenafronteira.com.br\/index.php\/wp-json\/wp\/v2\/posts\/32177\/revisions\/32183"}],"wp:featuredmedia":[{"embeddable":true,"href":"https:\/\/acontecenafronteira.com.br\/index.php\/wp-json\/wp\/v2\/media\/32184"}],"wp:attachment":[{"href":"https:\/\/acontecenafronteira.com.br\/index.php\/wp-json\/wp\/v2\/media?parent=32177"}],"wp:term":[{"taxonomy":"category","embeddable":true,"href":"https:\/\/acontecenafronteira.com.br\/index.php\/wp-json\/wp\/v2\/categories?post=32177"},{"taxonomy":"post_tag","embeddable":true,"href":"https:\/\/acontecenafronteira.com.br\/index.php\/wp-json\/wp\/v2\/tags?post=32177"}],"curies":[{"name":"wp","href":"https:\/\/api.w.org\/{rel}","templated":true}]}}