{"id":32176,"date":"2026-08-31T04:36:17","date_gmt":"2026-08-31T07:36:17","guid":{"rendered":"https:\/\/acontecenafronteira.com.br\/?p=32176"},"modified":"2026-08-31T04:36:17","modified_gmt":"2026-08-31T07:36:17","slug":"governo-lula-aposta-em-pragmatismo-com-trump-em-2026","status":"publish","type":"post","link":"https:\/\/acontecenafronteira.com.br\/index.php\/2026\/08\/31\/governo-lula-aposta-em-pragmatismo-com-trump-em-2026\/","title":{"rendered":"Governo Lula aposta em pragmatismo com Trump em 2026"},"content":{"rendered":"<p>As rela\u00e7\u00f5es diplom\u00e1ticas entre Brasil e Estados Unidos devem adotar uma postura estritamente pragm\u00e1tica caso o presidente Luiz In\u00e1cio Lula da Silva ven\u00e7a a disputa pela reelei\u00e7\u00e3o e Donald Trump retome o poder na Casa Blanca.<\/p>\n<h2>A vis\u00e3o do primeiro escal\u00e3o brasileiro<\/h2>\n<p>Essa proje\u00e7\u00e3o \u00e9 compartilhada por quatro ministros influentes da atual administra\u00e7\u00e3o federal. Ouvidos em car\u00e1ter reservado nos \u00faltimos dias, os integrantes do governo acompanham de perto os reflexos das tens\u00f5es pol\u00edticas entre Bras\u00edlia e Washington.<\/p>\n<p>A avalia\u00e7\u00e3o interna aponta que, independentemente de eventuais diverg\u00eancias ideol\u00f3gicas entre os l\u00edderes, a condu\u00e7\u00e3o da pol\u00edtica externa precisar\u00e1 priorizar acordos comerciais e interesses estrat\u00e9gicos bilaterais para evitar maiores atritos.<\/p>\n<h2>Cen\u00e1rio eleitoral e diplomacia<\/h2>\n<p>O pleito presidencial americano ganha relev\u00e2ncia no radar do Pal\u00e1cio do Planalto, que j\u00e1 se movimenta nos bastidores para mapear poss\u00edveis impactos na economia e na seguran\u00e7a internacional.<\/p>\n<p>Por Reda\u00e7\u00e3o Acontece<\/p>\n<p>Foto: Divulga\u00e7\u00e3o \/ Pal\u00e1cio do Planalto<\/p>\n","protected":false},"excerpt":{"rendered":"<p>As rela\u00e7\u00f5es diplom\u00e1ticas entre Brasil e Estados Unidos devem adotar uma postura estritamente pragm\u00e1tica caso o presidente Luiz In\u00e1cio Lula da Silva ven\u00e7a a disputa pela reelei\u00e7\u00e3o e Donald Trump retome o poder na Casa Blanca. A vis\u00e3o do primeiro escal\u00e3o brasileiro Essa proje\u00e7\u00e3o \u00e9 compartilhada por quatro ministros influentes da atual administra\u00e7\u00e3o federal. Ouvidos [&hellip;]<\/p>\n","protected":false},"author":0,"featured_media":32182,"comment_status":"open","ping_status":"open","sticky":false,"template":"","format":"standard","meta":{"footnotes":""},"categories":[28],"tags":[],"class_list":["post-32176","post","type-post","status-publish","format-standard","has-post-thumbnail","hentry","category-mundo"],"_links":{"self":[{"href":"https:\/\/acontecenafronteira.com.br\/index.php\/wp-json\/wp\/v2\/posts\/32176","targetHints":{"allow":["GET"]}}],"collection":[{"href":"https:\/\/acontecenafronteira.com.br\/index.php\/wp-json\/wp\/v2\/posts"}],"about":[{"href":"https:\/\/acontecenafronteira.com.br\/index.php\/wp-json\/wp\/v2\/types\/post"}],"replies":[{"embeddable":true,"href":"https:\/\/acontecenafronteira.com.br\/index.php\/wp-json\/wp\/v2\/comments?post=32176"}],"version-history":[{"count":1,"href":"https:\/\/acontecenafronteira.com.br\/index.php\/wp-json\/wp\/v2\/posts\/32176\/revisions"}],"predecessor-version":[{"id":32181,"href":"https:\/\/acontecenafronteira.com.br\/index.php\/wp-json\/wp\/v2\/posts\/32176\/revisions\/32181"}],"wp:featuredmedia":[{"embeddable":true,"href":"https:\/\/acontecenafronteira.com.br\/index.php\/wp-json\/wp\/v2\/media\/32182"}],"wp:attachment":[{"href":"https:\/\/acontecenafronteira.com.br\/index.php\/wp-json\/wp\/v2\/media?parent=32176"}],"wp:term":[{"taxonomy":"category","embeddable":true,"href":"https:\/\/acontecenafronteira.com.br\/index.php\/wp-json\/wp\/v2\/categories?post=32176"},{"taxonomy":"post_tag","embeddable":true,"href":"https:\/\/acontecenafronteira.com.br\/index.php\/wp-json\/wp\/v2\/tags?post=32176"}],"curies":[{"name":"wp","href":"https:\/\/api.w.org\/{rel}","templated":true}]}}