{"id":32166,"date":"2026-08-31T03:37:44","date_gmt":"2026-08-31T06:37:44","guid":{"rendered":"https:\/\/acontecenafronteira.com.br\/?p=32166"},"modified":"2026-08-31T03:37:44","modified_gmt":"2026-08-31T06:37:44","slug":"trabalho-de-bandeirinha-nas-eleicoes-garante-renda-extra-no-df","status":"publish","type":"post","link":"https:\/\/acontecenafronteira.com.br\/index.php\/2026\/08\/31\/trabalho-de-bandeirinha-nas-eleicoes-garante-renda-extra-no-df\/","title":{"rendered":"Trabalho de bandeirinha nas elei\u00e7\u00f5es garante renda extra no DF"},"content":{"rendered":"<p>Centenas de moradores do Distrito Federal aproveitam o per\u00edodo das elei\u00e7\u00f5es para garantir um dinheiro extra atuando como <b>militantes de rua<\/b>, conhecidos popularmente como <b>bandeirinhas<\/b>. Expostos a longas jornadas sob sol forte e calor intenso, muitos encontram na necessidade financeira a principal motiva\u00e7\u00e3o para encarar essa rotina exaustiva.<\/p>\n<h2>A realidade financeira dos cabos eleitorais<\/h2>\n<p>Para quem est\u00e1 sem emprego formal, a remunera\u00e7\u00e3o tempor\u00e1ria faz diferen\u00e7a no or\u00e7amento dom\u00e9stico. \u00c9 o caso de Patr\u00edcia Dias dos Santos, moradora da Estrutural de 41 anos, que usa o uniforme de campanha para complementar a renda de sua fam\u00edlia de seis pessoas.<\/p>\n<p>O valor recebido pelo m\u00eas de servi\u00e7o ajuda a somar for\u00e7as com o Bolsa Fam\u00edlia e bicos de reciclagem. A jornada \u00e9 dividida em turnos que incluem distribui\u00e7\u00e3o de panfletos de porta em porta e o tradicional trabalho com bandeiras em passarelas movimentadas, intercalado com os afazeres de casa.<\/p>\n<h2>Flexibilidade e o sustento da fam\u00edlia<\/h2>\n<p>A ocupa\u00e7\u00e3o tempor\u00e1ria tamb\u00e9m atrai quem precisa conciliar o trabalho com a dedica\u00e7\u00e3o integral aos filhos. Kelly Gon\u00e7alves, de S\u00e3o Sebasti\u00e3o, aponta que a falta de hor\u00e1rios flex\u00edveis em empregos tradicionais impede uma contrata\u00e7\u00e3o com carteira assinada, j\u00e1 que precisa atender \u00e0s demandas da filha com defici\u00eancia.<\/p>\n<p>Apesar do cansa\u00e7o f\u00edsico decorrente da exposi\u00e7\u00e3o solar e das caminhadas di\u00e1rias, a garantia de receber um valor fixo no encerramento do m\u00eas serve de incentivo para continuar na atividade.<\/p>\n<h2>Tradi\u00e7\u00e3o e estrat\u00e9gia nas ruas<\/h2>\n<p>Enquanto alguns buscam o sustento imediato, outros mant\u00eam um v\u00ednculo hist\u00f3rico com a atividade. A aposentada Marizete Braz de Oliveira, de 67 anos, atua na \u00e1rea desde a adolesc\u00eancia e v\u00ea na mobiliza\u00e7\u00e3o uma forma de manter contato com a comunidade e participar ativamente do processo pol\u00edtico.<\/p>\n<p>Do ponto de vista estrat\u00e9gico, especialistas na \u00e1rea explicam que a presen\u00e7a de apoiadores reais nas vias p\u00fablicas \u00e9 fundamental para as campanhas. A t\u00e1tica gera uma percep\u00e7\u00e3o de proximidade entre eleitores e candidatos, al\u00e9m de fornecer material visual din\u00e2mico para as redes sociais e fixar a identidade visual dos postulantes.<\/p>\n<p>Por Reda\u00e7\u00e3o Acontece<\/p>\n<p>Vin\u00edcius Schmidt\/Metr\u00f3poles<\/p>\n","protected":false},"excerpt":{"rendered":"<p>Centenas de moradores do Distrito Federal aproveitam o per\u00edodo das elei\u00e7\u00f5es para garantir um dinheiro extra atuando como militantes de rua, conhecidos popularmente como bandeirinhas. Expostos a longas jornadas sob sol forte e calor intenso, muitos encontram na necessidade financeira a principal motiva\u00e7\u00e3o para encarar essa rotina exaustiva. A realidade financeira dos cabos eleitorais Para [&hellip;]<\/p>\n","protected":false},"author":0,"featured_media":32174,"comment_status":"open","ping_status":"open","sticky":false,"template":"","format":"standard","meta":{"footnotes":""},"categories":[6],"tags":[],"class_list":["post-32166","post","type-post","status-publish","format-standard","has-post-thumbnail","hentry","category-mercosul"],"_links":{"self":[{"href":"https:\/\/acontecenafronteira.com.br\/index.php\/wp-json\/wp\/v2\/posts\/32166","targetHints":{"allow":["GET"]}}],"collection":[{"href":"https:\/\/acontecenafronteira.com.br\/index.php\/wp-json\/wp\/v2\/posts"}],"about":[{"href":"https:\/\/acontecenafronteira.com.br\/index.php\/wp-json\/wp\/v2\/types\/post"}],"replies":[{"embeddable":true,"href":"https:\/\/acontecenafronteira.com.br\/index.php\/wp-json\/wp\/v2\/comments?post=32166"}],"version-history":[{"count":1,"href":"https:\/\/acontecenafronteira.com.br\/index.php\/wp-json\/wp\/v2\/posts\/32166\/revisions"}],"predecessor-version":[{"id":32173,"href":"https:\/\/acontecenafronteira.com.br\/index.php\/wp-json\/wp\/v2\/posts\/32166\/revisions\/32173"}],"wp:featuredmedia":[{"embeddable":true,"href":"https:\/\/acontecenafronteira.com.br\/index.php\/wp-json\/wp\/v2\/media\/32174"}],"wp:attachment":[{"href":"https:\/\/acontecenafronteira.com.br\/index.php\/wp-json\/wp\/v2\/media?parent=32166"}],"wp:term":[{"taxonomy":"category","embeddable":true,"href":"https:\/\/acontecenafronteira.com.br\/index.php\/wp-json\/wp\/v2\/categories?post=32166"},{"taxonomy":"post_tag","embeddable":true,"href":"https:\/\/acontecenafronteira.com.br\/index.php\/wp-json\/wp\/v2\/tags?post=32166"}],"curies":[{"name":"wp","href":"https:\/\/api.w.org\/{rel}","templated":true}]}}