{"id":32164,"date":"2026-08-31T03:37:35","date_gmt":"2026-08-31T06:37:35","guid":{"rendered":"https:\/\/acontecenafronteira.com.br\/?p=32164"},"modified":"2026-08-31T03:37:35","modified_gmt":"2026-08-31T06:37:35","slug":"campanha-de-lula-teme-tse-e-quer-jantar-com-pib-fora-do-alvorada","status":"publish","type":"post","link":"https:\/\/acontecenafronteira.com.br\/index.php\/2026\/08\/31\/campanha-de-lula-teme-tse-e-quer-jantar-com-pib-fora-do-alvorada\/","title":{"rendered":"Campanha de Lula teme TSE e quer jantar com PIB fora do Alvorada"},"content":{"rendered":"<p>Uma parcela da equipe estrat\u00e9gica da campanha do presidente Luiz In\u00e1cio Lula da Silva est\u00e1 recomendando a mudan\u00e7a do local de um jantar com grandes empres\u00e1rios e banqueiros, marcado para esta segunda-feira (31\/8), para fora do Pal\u00e1cio do Alvorada, resid\u00eancia oficial em Bras\u00edlia.<\/p>\n<h2>O temor de processos na Justi\u00e7a Eleitoral<\/h2>\n<p>O receio principal do grupo \u00e9 que o senador e pr\u00e9-candidato Fl\u00e1vio Bolsonaro (PL-RJ) utilize o Tribunal Superior Eleitoral (TSE) para contestar a utiliza\u00e7\u00e3o do pr\u00e9dio p\u00fablico em um evento que possua car\u00e1ter pol\u00edtico-eleitoral.<\/p>\n<p>Recentemente, a defesa de Fl\u00e1vio j\u00e1 havia acionado a Corte Eleitoral contra o atual mandat\u00e1rio devido a uma entrevista coletiva concedida nas depend\u00eancias do Pal\u00e1cio do Alvorada.<\/p>\n<h2>Articula\u00e7\u00e3o em meio a atritos pol\u00edticos<\/h2>\n<p>O evento gastron\u00f4mico foi organizado \u00e0s pressas pela articula\u00e7\u00e3o governista ap\u00f3s um recente mal-estar gerado por reuni\u00f5es entre importantes nomes do setor financeiro e o senador da oposi\u00e7\u00e3o. Os convites oficiais foram disparados na \u00faltima sexta-feira (28\/8), mencionando inicialmente a recep\u00e7\u00e3o a &#8220;l\u00edderes setoriais&#8221; na resid\u00eancia presidencial.<\/p>\n<h2>Nomes de peso na lista de convidados<\/h2>\n<p>Entre as figuras de destaque esperadas para o encontro est\u00e3o empres\u00e1rios conhecidos, a exemplo de Joesley Batista e Jos\u00e9 Seripieri Filho, al\u00e9m de c\u00fapulas do setor banc\u00e1rio nacional.<\/p>\n<p>Foram convidados executivos de alto escal\u00e3o, como Andr\u00e9 Esteves (BTG Pactual), Milton Maluhy (Ita\u00fa Unibanco) e Luiz Carlos Trabuco (Bradesco), sendo que todos eles mantiveram reuni\u00f5es recentes com Fl\u00e1vio Bolsonaro.<\/p>\n<p>Por Reda\u00e7\u00e3o Acontece<\/p>\n<p>Foto: Ricardo Stuckert\/PR<\/p>\n","protected":false},"excerpt":{"rendered":"<p>Uma parcela da equipe estrat\u00e9gica da campanha do presidente Luiz In\u00e1cio Lula da Silva est\u00e1 recomendando a mudan\u00e7a do local de um jantar com grandes empres\u00e1rios e banqueiros, marcado para esta segunda-feira (31\/8), para fora do Pal\u00e1cio do Alvorada, resid\u00eancia oficial em Bras\u00edlia. O temor de processos na Justi\u00e7a Eleitoral O receio principal do grupo [&hellip;]<\/p>\n","protected":false},"author":0,"featured_media":32170,"comment_status":"open","ping_status":"open","sticky":false,"template":"","format":"standard","meta":{"footnotes":""},"categories":[6],"tags":[],"class_list":["post-32164","post","type-post","status-publish","format-standard","has-post-thumbnail","hentry","category-mercosul"],"_links":{"self":[{"href":"https:\/\/acontecenafronteira.com.br\/index.php\/wp-json\/wp\/v2\/posts\/32164","targetHints":{"allow":["GET"]}}],"collection":[{"href":"https:\/\/acontecenafronteira.com.br\/index.php\/wp-json\/wp\/v2\/posts"}],"about":[{"href":"https:\/\/acontecenafronteira.com.br\/index.php\/wp-json\/wp\/v2\/types\/post"}],"replies":[{"embeddable":true,"href":"https:\/\/acontecenafronteira.com.br\/index.php\/wp-json\/wp\/v2\/comments?post=32164"}],"version-history":[{"count":1,"href":"https:\/\/acontecenafronteira.com.br\/index.php\/wp-json\/wp\/v2\/posts\/32164\/revisions"}],"predecessor-version":[{"id":32169,"href":"https:\/\/acontecenafronteira.com.br\/index.php\/wp-json\/wp\/v2\/posts\/32164\/revisions\/32169"}],"wp:featuredmedia":[{"embeddable":true,"href":"https:\/\/acontecenafronteira.com.br\/index.php\/wp-json\/wp\/v2\/media\/32170"}],"wp:attachment":[{"href":"https:\/\/acontecenafronteira.com.br\/index.php\/wp-json\/wp\/v2\/media?parent=32164"}],"wp:term":[{"taxonomy":"category","embeddable":true,"href":"https:\/\/acontecenafronteira.com.br\/index.php\/wp-json\/wp\/v2\/categories?post=32164"},{"taxonomy":"post_tag","embeddable":true,"href":"https:\/\/acontecenafronteira.com.br\/index.php\/wp-json\/wp\/v2\/tags?post=32164"}],"curies":[{"name":"wp","href":"https:\/\/api.w.org\/{rel}","templated":true}]}}