{"id":32163,"date":"2026-08-31T03:37:30","date_gmt":"2026-08-31T06:37:30","guid":{"rendered":"https:\/\/acontecenafronteira.com.br\/?p=32163"},"modified":"2026-08-31T03:37:30","modified_gmt":"2026-08-31T06:37:30","slug":"julgamento-no-tse-define-regras-para-uso-de-ia-e-deepfake","status":"publish","type":"post","link":"https:\/\/acontecenafronteira.com.br\/index.php\/2026\/08\/31\/julgamento-no-tse-define-regras-para-uso-de-ia-e-deepfake\/","title":{"rendered":"Julgamento no TSE define regras para uso de IA e deepfake"},"content":{"rendered":"<p>O Tribunal Superior Eleitoral (TSE) se prepara para estabelecer novos par\u00e2metros para a utiliza\u00e7\u00e3o de intelig\u00eancia artificial nas Elei\u00e7\u00f5es 2026, com foco especial na defini\u00e7\u00e3o legal de deepfake.<\/p>\n<h2>Julgamento decisivo no plen\u00e1rio<\/h2>\n<p>Os ministros da Corte se reunir\u00e3o no pr\u00f3ximo dia 1\u00ba de setembro para avaliar se o v\u00eddeo do ex-presidente Jair Bolsonaro (PL), criado por meio de recursos tecnol\u00f3gicos e exibido em uma conven\u00e7\u00e3o partid\u00e1ria, configura viola\u00e7\u00e3o das normas eleitorais vigentes.<\/p>\n<p>A expectativa do meio jur\u00eddico \u00e9 que a delibera\u00e7\u00e3o sirva como jurisprud\u00eancia para balizar situa\u00e7\u00f5es semelhantes em futuros pleitos. De acordo com a legisla\u00e7\u00e3o em vigor, \u00e9 proibida a propaga\u00e7\u00e3o de conte\u00fados fabricados ou manipulados que difundam informa\u00e7\u00f5es inver\u00eddicas capazes de desequilibrar a integridade do processo eleitoral.<\/p>\n<h2>Restri\u00e7\u00f5es legais \u00e0 manipula\u00e7\u00e3o digital<\/h2>\n<p>A lei eleitoral veda expressamente o uso de material sint\u00e9tico em formato de \u00e1udio ou v\u00eddeo, gerado digitalmente para criar, alterar ou substituir a imagem e a voz de pessoas vivas, falecidas ou fict\u00edcias, com o intuito de favorecer ou prejudicar candidaturas.<\/p>\n<p>Durante a sess\u00e3o plen\u00e1ria, os magistrados debater\u00e3o os limites exatos que configuram essa pr\u00e1tica il\u00edcita. Em cen\u00e1rios de extrema gravidade, a utiliza\u00e7\u00e3o de conte\u00fado manipulado pode ser enquadrada como abuso de poder pol\u00edtico e uso indevido dos meios de comunica\u00e7\u00e3o, resultando na cassa\u00e7\u00e3o de registros ou mandatos.<\/p>\n<h2>Origem da a\u00e7\u00e3o judicial<\/h2>\n<p>O processo teve in\u00edcio ap\u00f3s uma representa\u00e7\u00e3o protocolada pela Federa\u00e7\u00e3o Brasil da Esperan\u00e7a (PT, PCdoB e PV). A coliga\u00e7\u00e3o argumentou que a exibi\u00e7\u00e3o do material durante o evento do PL configurou propaganda eleitoral antecipada e uso irregular de tecnologia.<\/p>\n<p>A pe\u00e7a jur\u00eddica aponta que o avatar simulado buscou realizar uma transfer\u00eancia direta de capital pol\u00edtico, utilizando a imagem e a voz do ex-presidente para endossar a candidatura de Fl\u00e1vio Bolsonaro \u00e0 Presid\u00eancia da Rep\u00fablica.<\/p>\n<h2>Contexto da exibi\u00e7\u00e3o do v\u00eddeo<\/h2>\n<p>O material audiovisual foi veiculado momentos antes do pronunciamento de Fl\u00e1vio Bolsonaro na conven\u00e7\u00e3o partid\u00e1ria. Na ocasi\u00e3o, o pr\u00f3prio avatar gerado por tecnologia declarava publicamente que se tratava de uma simula\u00e7\u00e3o autorizada devido \u00e0 impossibilidade de presen\u00e7a f\u00edsica do ex-presidente, que cumpre pena de pris\u00e3o.<\/p>\n<p>A proje\u00e7\u00e3o terminava com um apelo aos eleitores para apoiarem o herdeiro pol\u00edtico na disputa ao Pal\u00e1cio do Planalto. A tend\u00eancia avaliada nos bastidores do tribunal \u00e9 pela aplica\u00e7\u00e3o de penalidade pecuni\u00e1ria, como multa, descartando san\u00e7\u00f5es mais dr\u00e1sticas ao candidato.<\/p>\n<p>Por Reda\u00e7\u00e3o Acontece<\/p>\n<p>Imagem: Reprodu\u00e7\u00e3o \/ Redes Sociais<\/p>\n","protected":false},"excerpt":{"rendered":"<p>O Tribunal Superior Eleitoral (TSE) se prepara para estabelecer novos par\u00e2metros para a utiliza\u00e7\u00e3o de intelig\u00eancia artificial nas Elei\u00e7\u00f5es 2026, com foco especial na defini\u00e7\u00e3o legal de deepfake. Julgamento decisivo no plen\u00e1rio Os ministros da Corte se reunir\u00e3o no pr\u00f3ximo dia 1\u00ba de setembro para avaliar se o v\u00eddeo do ex-presidente Jair Bolsonaro (PL), criado [&hellip;]<\/p>\n","protected":false},"author":0,"featured_media":32168,"comment_status":"open","ping_status":"open","sticky":false,"template":"","format":"standard","meta":{"footnotes":""},"categories":[6],"tags":[],"class_list":["post-32163","post","type-post","status-publish","format-standard","has-post-thumbnail","hentry","category-mercosul"],"_links":{"self":[{"href":"https:\/\/acontecenafronteira.com.br\/index.php\/wp-json\/wp\/v2\/posts\/32163","targetHints":{"allow":["GET"]}}],"collection":[{"href":"https:\/\/acontecenafronteira.com.br\/index.php\/wp-json\/wp\/v2\/posts"}],"about":[{"href":"https:\/\/acontecenafronteira.com.br\/index.php\/wp-json\/wp\/v2\/types\/post"}],"replies":[{"embeddable":true,"href":"https:\/\/acontecenafronteira.com.br\/index.php\/wp-json\/wp\/v2\/comments?post=32163"}],"version-history":[{"count":1,"href":"https:\/\/acontecenafronteira.com.br\/index.php\/wp-json\/wp\/v2\/posts\/32163\/revisions"}],"predecessor-version":[{"id":32167,"href":"https:\/\/acontecenafronteira.com.br\/index.php\/wp-json\/wp\/v2\/posts\/32163\/revisions\/32167"}],"wp:featuredmedia":[{"embeddable":true,"href":"https:\/\/acontecenafronteira.com.br\/index.php\/wp-json\/wp\/v2\/media\/32168"}],"wp:attachment":[{"href":"https:\/\/acontecenafronteira.com.br\/index.php\/wp-json\/wp\/v2\/media?parent=32163"}],"wp:term":[{"taxonomy":"category","embeddable":true,"href":"https:\/\/acontecenafronteira.com.br\/index.php\/wp-json\/wp\/v2\/categories?post=32163"},{"taxonomy":"post_tag","embeddable":true,"href":"https:\/\/acontecenafronteira.com.br\/index.php\/wp-json\/wp\/v2\/tags?post=32163"}],"curies":[{"name":"wp","href":"https:\/\/api.w.org\/{rel}","templated":true}]}}