{"id":32153,"date":"2026-08-31T03:37:14","date_gmt":"2026-08-31T06:37:14","guid":{"rendered":"https:\/\/acontecenafronteira.com.br\/?p=32153"},"modified":"2026-08-31T03:37:14","modified_gmt":"2026-08-31T06:37:14","slug":"exposicao-imersiva-gratis-no-rio-celebra-centenario-de-tom-jobim","status":"publish","type":"post","link":"https:\/\/acontecenafronteira.com.br\/index.php\/2026\/08\/31\/exposicao-imersiva-gratis-no-rio-celebra-centenario-de-tom-jobim\/","title":{"rendered":"Exposi\u00e7\u00e3o imersiva gr\u00e1tis no Rio celebra centen\u00e1rio de Tom Jobim"},"content":{"rendered":"<p>Exposi\u00e7\u00e3o imersiva gr\u00e1tis no Rio celebra centen\u00e1rio de Tom Jobim Descubra a exposi\u00e7\u00e3o gratuita Jobim-a\u00e7u no Rio de Janeiro. Mostra imersiva itinerante celebra o centen\u00e1rio de Tom Jobim com foco na natureza. A partir desta ter\u00e7a-feira (1\u00ba), a Zona Sul do Rio de Janeiro recebe a exposi\u00e7\u00e3o gratuita &#8220;Jobim-a\u00e7u&#8221;, montada na Pra\u00e7a Santos Dumont, na G\u00e1vea, para marcar as comemora\u00e7\u00f5es do centen\u00e1rio de nascimento de Ant\u00f4nio Carlos Jobim (1927-1994). <\/p>\n<h2>A inspira\u00e7\u00e3o na obra e na natureza<\/h2>\n<p> Sob a curadoria do jornalista Hugo Sukman e da cineasta Daniela Thomas, o projeto itinerante e imersivo destaca a profunda conex\u00e3o entre a obra do maestro soberano e a Mata Atl\u00e2ntica, cen\u00e1rio que serviu de mat\u00e9ria-prima para incontakets composi\u00e7\u00f5es ic\u00f4nicas. O batismo da mostra faz refer\u00eancia direta ao cl\u00e1ssico &#8220;Querelas do Brasil&#8221;, assinado por Aldir Blanc e Maur\u00edcio Tapaj\u00f3s. Na letra, o sobrenome do artista se une ao termo tupi &#8220;a\u00e7u&#8221;, que traduz a ideia de grandiosidade, posicionando o m\u00fasico como um tradutor genial da fauna, da flora, das \u00e1guas e das paisagens nacionais em formato de can\u00e7\u00e3o. <\/p>\n<h2>Estrutura e itiner\u00e1rio da mostra<\/h2>\n<p> Instalada no interior de um caminh\u00e3o adaptado, a experi\u00eancia cultural engloba fotografias hist\u00f3ricas, trechos de m\u00fasicas, arquivos biogr\u00e1ficos e pe\u00e7as in\u00e9ditas, criando o conceito de uma &#8220;clareira po\u00e9tica&#8221; onde som e biodiversidade se fundem. Ap\u00f3s passar pela G\u00e1vea at\u00e9 o pr\u00f3ximo domingo (6), a atra\u00e7\u00e3o segue viagem para a Regi\u00e3o Portu\u00e1ria, ficando dispon\u00edvel na Orla Prefeito Luiz Paulo Conde entre os dias 16 e 20 de setembro. <\/p>\n<h2>Servi\u00e7o completo<\/h2>\n<p> Onde: Pra\u00e7a Santos Dumont, G\u00e1vea (de 1\u00ba a 6 de setembro); Orla Prefeito Luiz Paulo Conde, Centro (de 16 a 20 de setembro). Hor\u00e1rio de visita\u00e7\u00e3o: Todos os dias, das 10h \u00e0s 17h. Ingressos: Entrada franca. Por Reda\u00e7\u00e3o Acontece Paulo Freitas<\/p>\n","protected":false},"excerpt":{"rendered":"<p>Exposi\u00e7\u00e3o imersiva gr\u00e1tis no Rio celebra centen\u00e1rio de Tom Jobim Descubra a exposi\u00e7\u00e3o gratuita Jobim-a\u00e7u no Rio de Janeiro. Mostra imersiva itinerante celebra o centen\u00e1rio de Tom Jobim com foco na natureza. A partir desta ter\u00e7a-feira (1\u00ba), a Zona Sul do Rio de Janeiro recebe a exposi\u00e7\u00e3o gratuita &#8220;Jobim-a\u00e7u&#8221;, montada na Pra\u00e7a Santos Dumont, na [&hellip;]<\/p>\n","protected":false},"author":0,"featured_media":32160,"comment_status":"open","ping_status":"open","sticky":false,"template":"","format":"standard","meta":{"footnotes":""},"categories":[28],"tags":[],"class_list":["post-32153","post","type-post","status-publish","format-standard","has-post-thumbnail","hentry","category-mundo"],"_links":{"self":[{"href":"https:\/\/acontecenafronteira.com.br\/index.php\/wp-json\/wp\/v2\/posts\/32153","targetHints":{"allow":["GET"]}}],"collection":[{"href":"https:\/\/acontecenafronteira.com.br\/index.php\/wp-json\/wp\/v2\/posts"}],"about":[{"href":"https:\/\/acontecenafronteira.com.br\/index.php\/wp-json\/wp\/v2\/types\/post"}],"replies":[{"embeddable":true,"href":"https:\/\/acontecenafronteira.com.br\/index.php\/wp-json\/wp\/v2\/comments?post=32153"}],"version-history":[{"count":1,"href":"https:\/\/acontecenafronteira.com.br\/index.php\/wp-json\/wp\/v2\/posts\/32153\/revisions"}],"predecessor-version":[{"id":32159,"href":"https:\/\/acontecenafronteira.com.br\/index.php\/wp-json\/wp\/v2\/posts\/32153\/revisions\/32159"}],"wp:featuredmedia":[{"embeddable":true,"href":"https:\/\/acontecenafronteira.com.br\/index.php\/wp-json\/wp\/v2\/media\/32160"}],"wp:attachment":[{"href":"https:\/\/acontecenafronteira.com.br\/index.php\/wp-json\/wp\/v2\/media?parent=32153"}],"wp:term":[{"taxonomy":"category","embeddable":true,"href":"https:\/\/acontecenafronteira.com.br\/index.php\/wp-json\/wp\/v2\/categories?post=32153"},{"taxonomy":"post_tag","embeddable":true,"href":"https:\/\/acontecenafronteira.com.br\/index.php\/wp-json\/wp\/v2\/tags?post=32153"}],"curies":[{"name":"wp","href":"https:\/\/api.w.org\/{rel}","templated":true}]}}