{"id":32152,"date":"2026-08-31T03:37:09","date_gmt":"2026-08-31T06:37:09","guid":{"rendered":"https:\/\/acontecenafronteira.com.br\/?p=32152"},"modified":"2026-08-31T03:37:09","modified_gmt":"2026-08-31T06:37:09","slug":"museu-carmen-miranda-faz-50-anos-com-mostra-inedita-no-rj","status":"publish","type":"post","link":"https:\/\/acontecenafronteira.com.br\/index.php\/2026\/08\/31\/museu-carmen-miranda-faz-50-anos-com-mostra-inedita-no-rj\/","title":{"rendered":"Museu Carmen Miranda faz 50 anos com mostra in\u00e9dita no RJ"},"content":{"rendered":"<p>O <a href=\"#\">Museu Carmen Miranda<\/a>, localizado no Parque do Flamengo, na Zona Sul do Rio de Janeiro, comemora seu cinquenten\u00e1rio nesta segunda-feira (31) com o lan\u00e7amento da mostra gratuita &#8220;Carmen: Rio remix&#8221;, que une pe\u00e7as de acervo, proje\u00e7\u00f5es audiovisuais e cria\u00e7\u00f5es de estudantes da UFRJ.<\/p>\n<h2>A conex\u00e3o entre a artista e a capital fluminense<\/h2>\n<p>O eixo central da exposi\u00e7\u00e3o \u00e9 a profunda rela\u00e7\u00e3o entre a lend\u00e1ria cantora e a Cidade Maravilhosa, explorando como o estilo de vida carioca moldou a trajet\u00f3ria da estrela e como sua imagem ecoa na cultura atual.<\/p>\n<h2>Inova\u00e7\u00e3o e interatividade na celebra\u00e7\u00e3o<\/h2>\n<p>A curadoria adotou o conceito de &#8220;remix&#8221; para conectar diferentes fases da carreira internacional da &#8220;Pequena Not\u00e1vel&#8221;, exibindo desde itens hist\u00f3ricos at\u00e9 trabalhos acad\u00eamicos da Escola de Belas Artes da UFRJ.<\/p>\n<p>Para marcar a abertura oficial do evento comemorativo, o p\u00fablico presente poder\u00e1 assistir a uma apresenta\u00e7\u00e3o musical da harpista Cristina Braga, marcada para as 16h, hor\u00e1rio de inaugura\u00e7\u00e3o do espa\u00e7o para os visitantes.<\/p>\n<p>A visita\u00e7\u00e3o \u00e9 totalmente gratuita e acontece na Avenida Rui Barbosa, sem n\u00famero, situada no tradicional Parque do Flamengo, sendo uma excelente op\u00e7\u00e3o cultural para cariocas e turistas na capital fluminense.<\/p>\n<p>Por Reda\u00e7\u00e3o Acontece<\/p>\n<p>Cr\u00e9ditos da imagem: Divulga\u00e7\u00e3o \/ Secretaria de Cultura<\/p>\n","protected":false},"excerpt":{"rendered":"<p>O Museu Carmen Miranda, localizado no Parque do Flamengo, na Zona Sul do Rio de Janeiro, comemora seu cinquenten\u00e1rio nesta segunda-feira (31) com o lan\u00e7amento da mostra gratuita &#8220;Carmen: Rio remix&#8221;, que une pe\u00e7as de acervo, proje\u00e7\u00f5es audiovisuais e cria\u00e7\u00f5es de estudantes da UFRJ. A conex\u00e3o entre a artista e a capital fluminense O eixo [&hellip;]<\/p>\n","protected":false},"author":0,"featured_media":32158,"comment_status":"open","ping_status":"open","sticky":false,"template":"","format":"standard","meta":{"footnotes":""},"categories":[28],"tags":[],"class_list":["post-32152","post","type-post","status-publish","format-standard","has-post-thumbnail","hentry","category-mundo"],"_links":{"self":[{"href":"https:\/\/acontecenafronteira.com.br\/index.php\/wp-json\/wp\/v2\/posts\/32152","targetHints":{"allow":["GET"]}}],"collection":[{"href":"https:\/\/acontecenafronteira.com.br\/index.php\/wp-json\/wp\/v2\/posts"}],"about":[{"href":"https:\/\/acontecenafronteira.com.br\/index.php\/wp-json\/wp\/v2\/types\/post"}],"replies":[{"embeddable":true,"href":"https:\/\/acontecenafronteira.com.br\/index.php\/wp-json\/wp\/v2\/comments?post=32152"}],"version-history":[{"count":1,"href":"https:\/\/acontecenafronteira.com.br\/index.php\/wp-json\/wp\/v2\/posts\/32152\/revisions"}],"predecessor-version":[{"id":32157,"href":"https:\/\/acontecenafronteira.com.br\/index.php\/wp-json\/wp\/v2\/posts\/32152\/revisions\/32157"}],"wp:featuredmedia":[{"embeddable":true,"href":"https:\/\/acontecenafronteira.com.br\/index.php\/wp-json\/wp\/v2\/media\/32158"}],"wp:attachment":[{"href":"https:\/\/acontecenafronteira.com.br\/index.php\/wp-json\/wp\/v2\/media?parent=32152"}],"wp:term":[{"taxonomy":"category","embeddable":true,"href":"https:\/\/acontecenafronteira.com.br\/index.php\/wp-json\/wp\/v2\/categories?post=32152"},{"taxonomy":"post_tag","embeddable":true,"href":"https:\/\/acontecenafronteira.com.br\/index.php\/wp-json\/wp\/v2\/tags?post=32152"}],"curies":[{"name":"wp","href":"https:\/\/api.w.org\/{rel}","templated":true}]}}