{"id":32151,"date":"2026-08-31T03:37:04","date_gmt":"2026-08-31T06:37:04","guid":{"rendered":"https:\/\/acontecenafronteira.com.br\/?p=32151"},"modified":"2026-08-31T03:37:04","modified_gmt":"2026-08-31T06:37:04","slug":"jorge-sampaoli-e-demitido-do-talleres-apos-inicio-ruim-na-argentina","status":"publish","type":"post","link":"https:\/\/acontecenafronteira.com.br\/index.php\/2026\/08\/31\/jorge-sampaoli-e-demitido-do-talleres-apos-inicio-ruim-na-argentina\/","title":{"rendered":"Jorge Sampaoli \u00e9 demitido do Talleres ap\u00f3s in\u00edcio ruim na Argentina"},"content":{"rendered":"<p>O t\u00e9cnico <strong>Jorge Sampaoli<\/strong> n\u00e3o resistiu \u00e0 press\u00e3o e foi demitido do cargo de treinador do <strong>Talleres de C\u00f3rdoba<\/strong> neste domingo. A decis\u00e3o da diretoria ocorreu ap\u00f3s um empate sem gols contra o Central C\u00f3rdoba, resultado que deixou a equipe na lanterna do grupo A do Torneio Clausura argentino, somando apenas cinco pontos em sete partidas disputadas.<\/p>\n<h2>A gota d&#8217;\u00e1gua no Talleres de C\u00f3rdoba<\/h2>\n<p>O clima de insustentabilidade no clube se agravou ap\u00f3s o \u00faltimo confronto em casa, momento em que a torcida presente no est\u00e1dio vaiou e exigiu a sa\u00edda de todos os profissionais ao t\u00e9rmino da partida. Com apenas um triunfo sob o comando da equipe nesta temporada, a diretoria optou pela rescis\u00e3o contratual, pontuando que as expectativas iniciais eram significativamente maiores do que o desempenho apresentado em campo.<\/p>\n<p>Por meio de nota oficial, a institui\u00e7\u00e3o agradeceu o comprometimento do comandante e de sua comiss\u00e3o t\u00e9cnica durante o breve per\u00edodo de trabalho.<\/p>\n<h2>A despedida e o desabafo do treinador<\/h2>\n<p>Em suas redes sociais, o t\u00e9cnico de 66 anos lamentou o desfecho e admitiu que o projeto n\u00e3o alcan\u00e7ou os objetivos planejados. Ele destacou a frustra\u00e7\u00e3o por n\u00e3o ter conseguido triunfar no futebol de seu pa\u00eds natal, sonho que nutria h\u00e1 anos, e ressaltou que tanto ele quanto sua equipe dedicaram esfor\u00e7o m\u00e1ximo nos treinamentos di\u00e1rios.<\/p>\n<p>Imprensa local apontou que a c\u00fapula diretiva cedeu \u00e0 forte press\u00e3o exercida pelos torcedores diante da sequ\u00eancia negativa. O pr\u00f3prio treinador reconheceu publicamente que a margem de manobra havia se esgotado e que a sa\u00edda era o caminho inevit\u00e1vel diante do cen\u00e1rio esportivo.<\/p>\n<h2>Carreira e pr\u00f3ximos passos do clube<\/h2>\n<p>Anunciado em 11 de junho com a miss\u00e3o de reestruturar o time ap\u00f3s o sucesso do arquirrival Belgrano no Torneio Apertura, Sampaoli encerra mais uma passagem curta por clubes. O curr\u00edculo do profissional inclui passagens marcantes pelas sele\u00e7\u00f5es do Chile e da Argentina, al\u00e9m de clubes brasileiros como Santos, Flamengo e Atl\u00e9tico-MG, e equipes europeias.<\/p>\n<p>A diretoria do Talleres informou que o nome do novo substituto para o restante da temporada ser\u00e1 divulgado nos pr\u00f3ximos dias.<\/p>\n<p>Por Reda\u00e7\u00e3o Acontece<\/p>\n<p>Foto: Reprodu\u00e7\u00e3o \/ Redes Sociais<\/p>\n","protected":false},"excerpt":{"rendered":"<p>O t\u00e9cnico Jorge Sampaoli n\u00e3o resistiu \u00e0 press\u00e3o e foi demitido do cargo de treinador do Talleres de C\u00f3rdoba neste domingo. A decis\u00e3o da diretoria ocorreu ap\u00f3s um empate sem gols contra o Central C\u00f3rdoba, resultado que deixou a equipe na lanterna do grupo A do Torneio Clausura argentino, somando apenas cinco pontos em sete [&hellip;]<\/p>\n","protected":false},"author":0,"featured_media":32156,"comment_status":"open","ping_status":"open","sticky":false,"template":"","format":"standard","meta":{"footnotes":""},"categories":[28],"tags":[],"class_list":["post-32151","post","type-post","status-publish","format-standard","has-post-thumbnail","hentry","category-mundo"],"_links":{"self":[{"href":"https:\/\/acontecenafronteira.com.br\/index.php\/wp-json\/wp\/v2\/posts\/32151","targetHints":{"allow":["GET"]}}],"collection":[{"href":"https:\/\/acontecenafronteira.com.br\/index.php\/wp-json\/wp\/v2\/posts"}],"about":[{"href":"https:\/\/acontecenafronteira.com.br\/index.php\/wp-json\/wp\/v2\/types\/post"}],"replies":[{"embeddable":true,"href":"https:\/\/acontecenafronteira.com.br\/index.php\/wp-json\/wp\/v2\/comments?post=32151"}],"version-history":[{"count":1,"href":"https:\/\/acontecenafronteira.com.br\/index.php\/wp-json\/wp\/v2\/posts\/32151\/revisions"}],"predecessor-version":[{"id":32155,"href":"https:\/\/acontecenafronteira.com.br\/index.php\/wp-json\/wp\/v2\/posts\/32151\/revisions\/32155"}],"wp:featuredmedia":[{"embeddable":true,"href":"https:\/\/acontecenafronteira.com.br\/index.php\/wp-json\/wp\/v2\/media\/32156"}],"wp:attachment":[{"href":"https:\/\/acontecenafronteira.com.br\/index.php\/wp-json\/wp\/v2\/media?parent=32151"}],"wp:term":[{"taxonomy":"category","embeddable":true,"href":"https:\/\/acontecenafronteira.com.br\/index.php\/wp-json\/wp\/v2\/categories?post=32151"},{"taxonomy":"post_tag","embeddable":true,"href":"https:\/\/acontecenafronteira.com.br\/index.php\/wp-json\/wp\/v2\/tags?post=32151"}],"curies":[{"name":"wp","href":"https:\/\/api.w.org\/{rel}","templated":true}]}}